{"id":41451,"date":"2025-01-08T03:58:00","date_gmt":"2025-01-08T06:58:00","guid":{"rendered":"https:\/\/noticiasdestaque.com.br\/index.php\/2025\/01\/08\/veja-as-consequencias-para-o-eleitor-que-nao-justificou-ausencia-ao-2o-turno-das-eleicoes-2024\/"},"modified":"2025-01-08T03:58:00","modified_gmt":"2025-01-08T06:58:00","slug":"veja-as-consequencias-para-o-eleitor-que-nao-justificou-ausencia-ao-2o-turno-das-eleicoes-2024","status":"publish","type":"post","link":"https:\/\/noticiasdestaque.com.br\/index.php\/2025\/01\/08\/veja-as-consequencias-para-o-eleitor-que-nao-justificou-ausencia-ao-2o-turno-das-eleicoes-2024\/","title":{"rendered":"Veja as consequ\u00eancias para o eleitor que n\u00e3o justificou aus\u00eancia ao 2\u00ba turno das Elei\u00e7\u00f5es 2024"},"content":{"rendered":"<p>\t\t\t\t\t\t\t\t\t\t<audio controls class=\"b61_audio_player\" data-noticia=\"79447\" src=\"https:\/\/brasil61.com\/rails\/active_storage\/blobs\/eyJfcmFpbHMiOnsibWVzc2FnZSI6IkJBaHBBOEVrQXc9PSIsImV4cCI6bnVsbCwicHVyIjoiYmxvYl9pZCJ9fQ==--2c4d343bc534265a318145196fa63c5b0ed8fd6f\/BRAS2513271A\"><\/audio><\/p>\n<p>Os eleitores e eleitoras que n\u00e3o compareceram para votar no 2\u00ba turno das Elei\u00e7\u00f5es Municipais 2024 e n\u00e3o justificaram a aus\u00eancia do voto at\u00e9 o dia 7 de janeiro de 2025 est\u00e3o sujeitos a uma s\u00e9rie de consequ\u00eancias, inclusive, multa. Al\u00e9m disso, h\u00e1 outras implica\u00e7\u00f5es para quem n\u00e3o vota, n\u00e3o justifica e n\u00e3o paga as multas eleitorais.<\/p>\n<p>Conforme o C\u00f3digo Eleitoral (<a href=\"https:\/\/www.tse.jus.br\/legislacao\/codigo-eleitoral\/codigo-eleitoral-1\/codigo-eleitoral-lei-nb0-4.737-de-15-de-julho-de-1965\" target=\"_blank\">Lei n\u00ba 4.737\/1965<\/a>), ao deixar de votar e n\u00e3o apresentar justificativa perante o juiz eleitoral, em prazo determinado, o cidad\u00e3o incorre em multa de 3 a 10% do valor do sal\u00e1rio-m\u00ednimo da regi\u00e3o, imposta pelo ju\u00edzo competente.\u00a0<\/p>\n<p>Al\u00e9m disso, ao deixar de votar, de justificar e de pagar as multas devidas, a pessoa tamb\u00e9m fica impedida de realizar diversos servi\u00e7os, como emitir \u00a0passaporte e carteira de identidade. Confira os demais impedimentos:<\/p>\n<ul>\n<li>inscrever-se em concurso p\u00fablico ou prova para cargo ou fun\u00e7\u00e3o p\u00fablica, investir-se ou empossar-se neles;<\/li>\n<li>tomar posse ou receber remunera\u00e7\u00e3o de cargo p\u00fablico;<\/li>\n<li>renovar matr\u00edcula em estabelecimento de ensino oficial ou fiscalizado pelo governo;\u00a0<\/li>\n<li>praticar qualquer ato para o qual se exija quita\u00e7\u00e3o do servi\u00e7o militar ou imposto de renda;<\/li>\n<li>participar de concorr\u00eancia p\u00fablica ou administrativa da Uni\u00e3o, dos estados, dos territ\u00f3rios, do Distrito Federal ou dos munic\u00edpios, ou das respectivas autarquias;<\/li>\n<\/ul>\n<p>Al\u00e9m disso, pela lei, ser\u00e1 cancelada a inscri\u00e7\u00e3o do eleitor que n\u00e3o votar em tr\u00eas elei\u00e7\u00f5es consecutivas, n\u00e3o pagar a multa ou n\u00e3o se justificar no prazo de seis meses, a contar da data da \u00faltima elei\u00e7\u00e3o a que deveria ter comparecido.<\/p>\n<p>Inclusive, cada turno eleitoral \u00e9 considerado uma elei\u00e7\u00e3o independente pela Justi\u00e7a Eleitoral, para efeito de comparecimento. \u00a0<\/p>\n<h2>Resultado da justificativa<\/h2>\n<p>A justificativa ser\u00e1 registrada no hist\u00f3rico do t\u00edtulo da eleitora ou do eleitor assim que for deferida. Caso seja indeferida, ser\u00e1 necess\u00e1rio quitar o d\u00e9bito com a Justi\u00e7a Eleitoral.<\/p>\n<p>O eleitor ou eleitora pode acessar o hist\u00f3rico de justificativas eleitorais, com a respectiva elei\u00e7\u00e3o em que\u00a0se ausentou, pelo aplicativo e-T\u00edtulo.\u00a0<\/p>\n<p>No caso de segundo turno, caso a pessoa n\u00e3o possa votar por estar fora do seu munic\u00edpio \u00e9 necess\u00e1rio apresentar uma nova justificativa \u00e0 Justi\u00e7a Eleitoral.<\/p>\n<p>\t\t\t\t\t\t\t\t\t<img loading=\"lazy\" decoding=\"async\" src=\"https:\/\/brasil61.com\/api\/v1\/serve_pixel\/17677\/79447\" alt=\"Pixel Brasil 61\" class=\"b61_pixel\" width=\"0\" height=\"0\"><\/p>\n<input type=\"hidden\" id=\"baseurl\" value=\"https:\/\/noticiasdestaque.com.br\"><input type=\"hidden\" id=\"audio_nonce\" value=\"581f3017e1\">","protected":false},"excerpt":{"rendered":"<p>Prazo para justificativa encerrou em 7 de janeiro. Tirar passaporte e carteira de identidade est\u00e3o entre os impedimentos <\/p>\n","protected":false},"author":1,"featured_media":41452,"comment_status":"open","ping_status":"open","sticky":false,"template":"","format":"standard","meta":{"fifu_image_url":"","fifu_image_alt":"","footnotes":""},"categories":[50],"tags":[],"class_list":["post-41451","post","type-post","status-publish","format-standard","has-post-thumbnail","hentry","category-politica"],"distributor_meta":false,"distributor_terms":false,"distributor_media":false,"distributor_original_site_name":"Noticias em Destaque","distributor_original_site_url":"https:\/\/noticiasdestaque.com.br","push-errors":false,"_links":{"self":[{"href":"https:\/\/noticiasdestaque.com.br\/index.php\/wp-json\/wp\/v2\/posts\/41451","targetHints":{"allow":["GET"]}}],"collection":[{"href":"https:\/\/noticiasdestaque.com.br\/index.php\/wp-json\/wp\/v2\/posts"}],"about":[{"href":"https:\/\/noticiasdestaque.com.br\/index.php\/wp-json\/wp\/v2\/types\/post"}],"author":[{"embeddable":true,"href":"https:\/\/noticiasdestaque.com.br\/index.php\/wp-json\/wp\/v2\/users\/1"}],"replies":[{"embeddable":true,"href":"https:\/\/noticiasdestaque.com.br\/index.php\/wp-json\/wp\/v2\/comments?post=41451"}],"version-history":[{"count":0,"href":"https:\/\/noticiasdestaque.com.br\/index.php\/wp-json\/wp\/v2\/posts\/41451\/revisions"}],"wp:featuredmedia":[{"embeddable":true,"href":"https:\/\/noticiasdestaque.com.br\/index.php\/wp-json\/wp\/v2\/media\/41452"}],"wp:attachment":[{"href":"https:\/\/noticiasdestaque.com.br\/index.php\/wp-json\/wp\/v2\/media?parent=41451"}],"wp:term":[{"taxonomy":"category","embeddable":true,"href":"https:\/\/noticiasdestaque.com.br\/index.php\/wp-json\/wp\/v2\/categories?post=41451"},{"taxonomy":"post_tag","embeddable":true,"href":"https:\/\/noticiasdestaque.com.br\/index.php\/wp-json\/wp\/v2\/tags?post=41451"}],"curies":[{"name":"wp","href":"https:\/\/api.w.org\/{rel}","templated":true}]}}