{"id":41445,"date":"2024-12-23T00:03:00","date_gmt":"2024-12-23T03:03:00","guid":{"rendered":"https:\/\/noticiasdestaque.com.br\/index.php\/2024\/12\/23\/uso-de-celulares-por-estudantes-nas-escolas-o-que-muda-com-aprovacao-da-restricao\/"},"modified":"2024-12-23T00:03:00","modified_gmt":"2024-12-23T03:03:00","slug":"uso-de-celulares-por-estudantes-nas-escolas-o-que-muda-com-aprovacao-da-restricao","status":"publish","type":"post","link":"https:\/\/noticiasdestaque.com.br\/index.php\/2024\/12\/23\/uso-de-celulares-por-estudantes-nas-escolas-o-que-muda-com-aprovacao-da-restricao\/","title":{"rendered":"Uso de celulares por estudantes nas escolas: o que muda com aprova\u00e7\u00e3o da restri\u00e7\u00e3o?"},"content":{"rendered":"<p>\t\t\t\t\t\t\t\t\t\t<audio controls class=\"b61_audio_player\" data-noticia=\"79131\" src=\"https:\/\/brasil61.com\/rails\/active_storage\/blobs\/eyJfcmFpbHMiOnsibWVzc2FnZSI6IkJBaHBBNkVjQXc9PSIsImV4cCI6bnVsbCwicHVyIjoiYmxvYl9pZCJ9fQ==--66297c76fe8c859a2fad48eaf38ebc1bf588f62d\/BRAS2413199A\"><\/audio><\/p>\n<p>Os alunos de escolas p\u00fablicas e particulares ser\u00e3o proibidos de utilizar aparelhos eletr\u00f4nicos port\u00e1teis, como celulares, durante as aulas. A decis\u00e3o vale ainda para os per\u00edodos de recreio e de intervalos entre as aulas. O projeto (<a href=\"https:\/\/www25.senado.leg.br\/web\/atividade\/materias\/-\/materia\/166801\" target=\"_blank\">PL 4.932\/2024<\/a>) que determina essas\u00a0regras foi aprovado pelo Plen\u00e1rio do Senado e aguarda san\u00e7\u00e3o presidencial.<\/p>\n<p>A mat\u00e9ria prev\u00ea exce\u00e7\u00f5es e permite o uso de aparelhos eletr\u00f4nicos para fins pedag\u00f3gicos ou em situa\u00e7\u00f5es de perigo. Os dispositivos tamb\u00e9m poder\u00e3o ser utilizados para garantir a acessibilidade, inclus\u00e3o e atender \u00e0s condi\u00e7\u00f5es de sa\u00fade dos estudantes.<\/p>\n<p><a href=\"https:\/\/brasil61.com\/n\/86-dos-brasileiros-defendem-restricao-do-uso-de-celulares-nas-escolas-bras2413161\">VEJA MAIS:\u00a086% dos brasileiros defendem restri\u00e7\u00e3o do uso de celulares nas escolas<\/a><\/p>\n<p>Em sala de aula, o uso de aparelhos eletr\u00f4nicos ser\u00e1 permitido apenas para fins pedag\u00f3gicos ou did\u00e1ticos, conforme orienta\u00e7\u00e3o dos profissionais de educa\u00e7\u00e3o.<\/p>\n<p>A regra deve valer para alunos da educa\u00e7\u00e3o infantil, ensino fundamental e m\u00e9dio.\u00a0<\/p>\n<p>A proposta \u00e9\u00a0de autoria da C\u00e2mara dos Deputados e\u00a0teve como relator o senador Alessandro Vieira (MDB-SE). O relator no Senado destacou dados de uma pesquisa da Organiza\u00e7\u00e3o para a Coopera\u00e7\u00e3o e Desenvolvimento Econ\u00f4mico (OCDE), os quais apontam que alunos que utilizaram o celular ou outros dispositivos digitais em per\u00edodos mais longos durante o dia tiveram mau desempenho em uma prova.<\/p>\n<p>\u201cEm 2022, a OCDE fez a avalia\u00e7\u00e3o, justamente, dessa disputa entre o celular e o aprendizado. Os achados mostraram que alunos, usu\u00e1rios de smartphones e outros dispositivos digitais por mais de cinco horas por dia se sa\u00edram pior em provas do que aqueles que passaram apenas uma hora ou alguma coisa em torno disso por dia. Quem usava menos os dispositivos digitais obteve na m\u00e9dia da OCDE 49 pontos a mais em matem\u00e1tica do que aqueles que passavam muito mais tempo conectados\u201d, disse o senador.<\/p>\n<h2>Sofrimento ps\u00edquico<\/h2>\n<p>A proposta tamb\u00e9m obriga as escolas a desenvolverem estrat\u00e9gias para prevenir e tratar o sofrimento ps\u00edquico e a sa\u00fade mental dos alunos, com enfoque nos riscos do uso excessivo de telas e do acesso a conte\u00fados impr\u00f3prios.<\/p>\n<h2>Restri\u00e7\u00e3o\u00a0\u00e9 defendida por brasileiros\u00a0<\/h2>\n<p>Um estudo da Nexus \u2013 Pesquisa e Intelig\u00eancia de Dados, empresa da FSB Holding, aponta que para 86% dos brasileiros, \u00e9 necess\u00e1rio que haja algum tipo de restri\u00e7\u00e3o ao uso de celular dentro das escolas. Desse percentual, 54% defendem a proibi\u00e7\u00e3o total, enquanto 32% s\u00e3o favor\u00e1veis \u00e0 libera\u00e7\u00e3o apenas para atividades pedag\u00f3gicas, com autoriza\u00e7\u00e3o pr\u00e9via do professor.\u00a0<\/p>\n<p>Segundo o levantamento, somente 14% da popula\u00e7\u00e3o brasileira \u00e9 contr\u00e1ria \u00e0s medidas debatidas pelo Congresso Nacional. Os entrevistados com idade entre 16 e 24 anos s\u00e3o os que mais apoiam, em algum n\u00edvel, a proibi\u00e7\u00e3o. Nesse grupo, a restri\u00e7\u00e3o total tem menor apoio do que na popula\u00e7\u00e3o total.\u00a0 A pesquisa revela, ainda, que 46% dos brasileiros nesta faixa et\u00e1ria concordam com a proibi\u00e7\u00e3o total do uso dos dispositivos. J\u00e1 43% concordam com a utiliza\u00e7\u00e3o parcial dos aparelhos.\u00a0<br \/>\n\u00a0<\/p>\n<p>\t\t\t\t\t\t\t\t\t<img loading=\"lazy\" decoding=\"async\" src=\"https:\/\/brasil61.com\/api\/v1\/serve_pixel\/17677\/79131\" alt=\"Pixel Brasil 61\" class=\"b61_pixel\" width=\"0\" height=\"0\"><\/p>\n<input type=\"hidden\" id=\"baseurl\" value=\"https:\/\/noticiasdestaque.com.br\"><input type=\"hidden\" id=\"audio_nonce\" value=\"6f73a554f1\">","protected":false},"excerpt":{"rendered":"<p>Projeto aprovado no Senado aguarda san\u00e7\u00e3o presidencial<\/p>\n","protected":false},"author":1,"featured_media":41446,"comment_status":"open","ping_status":"open","sticky":false,"template":"","format":"standard","meta":{"fifu_image_url":"","fifu_image_alt":"","footnotes":""},"categories":[50],"tags":[],"class_list":["post-41445","post","type-post","status-publish","format-standard","has-post-thumbnail","hentry","category-politica"],"distributor_meta":false,"distributor_terms":false,"distributor_media":false,"distributor_original_site_name":"Noticias em Destaque","distributor_original_site_url":"https:\/\/noticiasdestaque.com.br","push-errors":false,"_links":{"self":[{"href":"https:\/\/noticiasdestaque.com.br\/index.php\/wp-json\/wp\/v2\/posts\/41445","targetHints":{"allow":["GET"]}}],"collection":[{"href":"https:\/\/noticiasdestaque.com.br\/index.php\/wp-json\/wp\/v2\/posts"}],"about":[{"href":"https:\/\/noticiasdestaque.com.br\/index.php\/wp-json\/wp\/v2\/types\/post"}],"author":[{"embeddable":true,"href":"https:\/\/noticiasdestaque.com.br\/index.php\/wp-json\/wp\/v2\/users\/1"}],"replies":[{"embeddable":true,"href":"https:\/\/noticiasdestaque.com.br\/index.php\/wp-json\/wp\/v2\/comments?post=41445"}],"version-history":[{"count":0,"href":"https:\/\/noticiasdestaque.com.br\/index.php\/wp-json\/wp\/v2\/posts\/41445\/revisions"}],"wp:featuredmedia":[{"embeddable":true,"href":"https:\/\/noticiasdestaque.com.br\/index.php\/wp-json\/wp\/v2\/media\/41446"}],"wp:attachment":[{"href":"https:\/\/noticiasdestaque.com.br\/index.php\/wp-json\/wp\/v2\/media?parent=41445"}],"wp:term":[{"taxonomy":"category","embeddable":true,"href":"https:\/\/noticiasdestaque.com.br\/index.php\/wp-json\/wp\/v2\/categories?post=41445"},{"taxonomy":"post_tag","embeddable":true,"href":"https:\/\/noticiasdestaque.com.br\/index.php\/wp-json\/wp\/v2\/tags?post=41445"}],"curies":[{"name":"wp","href":"https:\/\/api.w.org\/{rel}","templated":true}]}}