{"id":41439,"date":"2024-12-16T00:03:00","date_gmt":"2024-12-16T03:03:00","guid":{"rendered":"https:\/\/noticiasdestaque.com.br\/index.php\/2024\/12\/16\/ajuste-fiscal-e-regulamentacao-da-reforma-tributaria-devem-ser-votados-no-congresso-nesta-semana\/"},"modified":"2024-12-16T00:03:00","modified_gmt":"2024-12-16T03:03:00","slug":"ajuste-fiscal-e-regulamentacao-da-reforma-tributaria-devem-ser-votados-no-congresso-nesta-semana","status":"publish","type":"post","link":"https:\/\/noticiasdestaque.com.br\/index.php\/2024\/12\/16\/ajuste-fiscal-e-regulamentacao-da-reforma-tributaria-devem-ser-votados-no-congresso-nesta-semana\/","title":{"rendered":"Ajuste fiscal e regulamenta\u00e7\u00e3o da reforma tribut\u00e1ria devem ser votados no Congresso, nesta semana"},"content":{"rendered":"<p>\t\t\t\t\t\t\t\t\t\t<audio controls class=\"b61_audio_player\" data-noticia=\"79027\" src=\"https:\/\/brasil61.com\/rails\/active_storage\/blobs\/eyJfcmFpbHMiOnsibWVzc2FnZSI6IkJBaHBBMTBhQXc9PSIsImV4cCI6bnVsbCwicHVyIjoiYmxvYl9pZCJ9fQ==--07d8bfc4d63dedad96e71b0fd919e4bdccffe11d\/BRAS2413173A\"><\/audio><\/p>\n<p>O recesso parlamentar se aproxima e os parlamentares do Congresso Nacional ainda t\u00eam temas importantes para debater e votar nesta semana.\u00a0<\/p>\n<p>Um dos destaques \u00e9 o pacote de ajuste fiscal. Em meio \u00e0s discuss\u00f5es sobre o assunto, o governo anunciou medidas que devem economizar aproximadamente R$ 70 bilh\u00f5es nos pr\u00f3ximos dois anos.\u00a0<\/p>\n<p>Outro tema proposto trata de uma reforma no Imposto de Renda que visa aumentar a faixa de isen\u00e7\u00e3o, a partir de 2026, para quem ganha at\u00e9 R$ 5 mil.<\/p>\n<p>No caso, existem tr\u00eas projetos em tramita\u00e7\u00e3o no Congresso Nacional sobre essa quest\u00e3o. Um deles prev\u00ea a limita\u00e7\u00e3o do ganho real do sal\u00e1rio m\u00ednimo aos limites do arcabou\u00e7o fiscal.<\/p>\n<p><a href=\"https:\/\/brasil61.com\/n\/aprovacao-de-lula-e-inferior-a-de-governadores-de-go-pr-sp-e-mg-bras2413160\" target=\"_blank\">Aprova\u00e7\u00e3o de Lula \u00e9 inferior a de governadores de GO, PR, SP e MG<\/a><\/p>\n<p>Um outro determina um corte gradativo do acesso ao abono salarial de um sal\u00e1rio m\u00ednimo por ano. J\u00e1 o terceiro permite que o governo limite a utiliza\u00e7\u00e3o de cr\u00e9ditos tribut\u00e1rios, caso haja rombo nas contas p\u00fablicas.<\/p>\n<h2>Regulamenta\u00e7\u00e3o da Reforma tribut\u00e1ria<\/h2>\n<p>Entre os temas mais relevantes em discuss\u00e3o no Congresso tamb\u00e9m est\u00e1 o projeto de regulamenta\u00e7\u00e3o da reforma tribut\u00e1ria. A vota\u00e7\u00e3o pela C\u00e2mara deve ocorrer nesta semana. O texto j\u00e1 foi aprovado pelo plen\u00e1rio do Senado e voltou para an\u00e1lise dos deputados.<\/p>\n<p>A proposta conta com novas hip\u00f3teses de redu\u00e7\u00e3o de tributos, al\u00e9m da inclus\u00e3o de mais produtos na cesta b\u00e1sica. Entre os novos pontos inclu\u00eddos na medida, est\u00e1 o que trata de um regime de tributa\u00e7\u00e3o diferenciado para servi\u00e7os funer\u00e1rios.<br \/>\n\u00a0<\/p>\n<p>\t\t\t\t\t\t\t\t\t<img loading=\"lazy\" decoding=\"async\" src=\"https:\/\/brasil61.com\/api\/v1\/serve_pixel\/17677\/79027\" alt=\"Pixel Brasil 61\" class=\"b61_pixel\" width=\"0\" height=\"0\"><\/p>\n<input type=\"hidden\" id=\"baseurl\" value=\"https:\/\/noticiasdestaque.com.br\"><input type=\"hidden\" id=\"audio_nonce\" value=\"6f73a554f1\">","protected":false},"excerpt":{"rendered":"<p>Em rela\u00e7\u00e3o \u00e0 regulamenta\u00e7\u00e3o da reforma tribut\u00e1ria, a proposta conta com novas hip\u00f3teses de redu\u00e7\u00e3o de tributos, al\u00e9m da inclus\u00e3o de mais produtos na cesta b\u00e1sica<\/p>\n","protected":false},"author":1,"featured_media":41440,"comment_status":"open","ping_status":"open","sticky":false,"template":"","format":"standard","meta":{"fifu_image_url":"","fifu_image_alt":"","footnotes":""},"categories":[50],"tags":[],"class_list":["post-41439","post","type-post","status-publish","format-standard","has-post-thumbnail","hentry","category-politica"],"distributor_meta":false,"distributor_terms":false,"distributor_media":false,"distributor_original_site_name":"Noticias em Destaque","distributor_original_site_url":"https:\/\/noticiasdestaque.com.br","push-errors":false,"_links":{"self":[{"href":"https:\/\/noticiasdestaque.com.br\/index.php\/wp-json\/wp\/v2\/posts\/41439","targetHints":{"allow":["GET"]}}],"collection":[{"href":"https:\/\/noticiasdestaque.com.br\/index.php\/wp-json\/wp\/v2\/posts"}],"about":[{"href":"https:\/\/noticiasdestaque.com.br\/index.php\/wp-json\/wp\/v2\/types\/post"}],"author":[{"embeddable":true,"href":"https:\/\/noticiasdestaque.com.br\/index.php\/wp-json\/wp\/v2\/users\/1"}],"replies":[{"embeddable":true,"href":"https:\/\/noticiasdestaque.com.br\/index.php\/wp-json\/wp\/v2\/comments?post=41439"}],"version-history":[{"count":0,"href":"https:\/\/noticiasdestaque.com.br\/index.php\/wp-json\/wp\/v2\/posts\/41439\/revisions"}],"wp:featuredmedia":[{"embeddable":true,"href":"https:\/\/noticiasdestaque.com.br\/index.php\/wp-json\/wp\/v2\/media\/41440"}],"wp:attachment":[{"href":"https:\/\/noticiasdestaque.com.br\/index.php\/wp-json\/wp\/v2\/media?parent=41439"}],"wp:term":[{"taxonomy":"category","embeddable":true,"href":"https:\/\/noticiasdestaque.com.br\/index.php\/wp-json\/wp\/v2\/categories?post=41439"},{"taxonomy":"post_tag","embeddable":true,"href":"https:\/\/noticiasdestaque.com.br\/index.php\/wp-json\/wp\/v2\/tags?post=41439"}],"curies":[{"name":"wp","href":"https:\/\/api.w.org\/{rel}","templated":true}]}}