{"id":41392,"date":"2025-01-10T22:47:00","date_gmt":"2025-01-11T01:47:00","guid":{"rendered":"https:\/\/noticiasdestaque.com.br\/index.php\/2025\/01\/10\/vitamina-c-quando-e-quanto-voce-precisa-tomar\/"},"modified":"2025-01-10T22:47:00","modified_gmt":"2025-01-11T01:47:00","slug":"vitamina-c-quando-e-quanto-voce-precisa-tomar","status":"publish","type":"post","link":"https:\/\/noticiasdestaque.com.br\/index.php\/2025\/01\/10\/vitamina-c-quando-e-quanto-voce-precisa-tomar\/","title":{"rendered":"Vitamina C: quando e quanto voc\u00ea precisa tomar?"},"content":{"rendered":"<p>\t\t\t\t\t\t\t\t\t\t<audio controls class=\"b61_audio_player\" data-noticia=\"79594\" src=\"https:\/\/brasil61.com\/rails\/active_storage\/blobs\/eyJfcmFpbHMiOnsibWVzc2FnZSI6IkJBaHBBMWNuQXc9PSIsImV4cCI6bnVsbCwicHVyIjoiYmxvYl9pZCJ9fQ==--bb47aea547f2f6941d209981c77c7069f0025fbf\/BLOG250652A\"><\/audio><\/p>\n<p>A vitamina C, ou \u00e1cido asc\u00f3rbico, \u00e9 essencial para o corpo, atuando como antioxidante, na produ\u00e7\u00e3o de col\u00e1geno, na absor\u00e7\u00e3o de ferro e na sa\u00fade ocular. A suplementa\u00e7\u00e3o \u00e9 \u00fatil para quem tem defici\u00eancia, mas n\u00e3o previne infec\u00e7\u00f5es em pessoas bem nutridas.<\/p>\n<p>A recomenda\u00e7\u00e3o di\u00e1ria \u00e9 de 90 mg para homens e 75 mg para mulheres, facilmente obtida em frutas c\u00edtricas, morangos e br\u00f3colis. Como n\u00e3o \u00e9 armazenado no corpo, o consumo di\u00e1rio \u00e9 importante. Excessos podem causar c\u00e1lculos renais e desconforto gastrointestinal. Consulte um profissional de sa\u00fade para avaliar<\/p>\n<p>Veja ao v\u00eddeo com a explica\u00e7\u00e3o do especialista:<\/p>\n<p>Tenha acesso aos conte\u00fados do Doutor Ajuda. Acesse: www.portaldoutorajuda.com.br.<\/p>\n<p>\t\t\t\t\t\t\t\t\t<img loading=\"lazy\" decoding=\"async\" src=\"https:\/\/brasil61.com\/api\/v1\/serve_pixel\/17677\/79594\" alt=\"Pixel Brasil 61\" class=\"b61_pixel\" width=\"0\" height=\"0\"><\/p>\n<input type=\"hidden\" id=\"baseurl\" value=\"https:\/\/noticiasdestaque.com.br\"><input type=\"hidden\" id=\"audio_nonce\" value=\"6f73a554f1\">","protected":false},"excerpt":{"rendered":"<p>Neste epis\u00f3dio, a Nutr\u00f3loga Anna Carolina Pompermayer (CRM: 155.954\/ SP) explica sobre a vitamina C.<\/p>\n","protected":false},"author":1,"featured_media":41393,"comment_status":"open","ping_status":"open","sticky":false,"template":"","format":"standard","meta":{"fifu_image_url":"","fifu_image_alt":"","footnotes":""},"categories":[51],"tags":[],"class_list":["post-41392","post","type-post","status-publish","format-standard","has-post-thumbnail","hentry","category-saude"],"distributor_meta":false,"distributor_terms":false,"distributor_media":false,"distributor_original_site_name":"Noticias em Destaque","distributor_original_site_url":"https:\/\/noticiasdestaque.com.br","push-errors":false,"_links":{"self":[{"href":"https:\/\/noticiasdestaque.com.br\/index.php\/wp-json\/wp\/v2\/posts\/41392","targetHints":{"allow":["GET"]}}],"collection":[{"href":"https:\/\/noticiasdestaque.com.br\/index.php\/wp-json\/wp\/v2\/posts"}],"about":[{"href":"https:\/\/noticiasdestaque.com.br\/index.php\/wp-json\/wp\/v2\/types\/post"}],"author":[{"embeddable":true,"href":"https:\/\/noticiasdestaque.com.br\/index.php\/wp-json\/wp\/v2\/users\/1"}],"replies":[{"embeddable":true,"href":"https:\/\/noticiasdestaque.com.br\/index.php\/wp-json\/wp\/v2\/comments?post=41392"}],"version-history":[{"count":0,"href":"https:\/\/noticiasdestaque.com.br\/index.php\/wp-json\/wp\/v2\/posts\/41392\/revisions"}],"wp:featuredmedia":[{"embeddable":true,"href":"https:\/\/noticiasdestaque.com.br\/index.php\/wp-json\/wp\/v2\/media\/41393"}],"wp:attachment":[{"href":"https:\/\/noticiasdestaque.com.br\/index.php\/wp-json\/wp\/v2\/media?parent=41392"}],"wp:term":[{"taxonomy":"category","embeddable":true,"href":"https:\/\/noticiasdestaque.com.br\/index.php\/wp-json\/wp\/v2\/categories?post=41392"},{"taxonomy":"post_tag","embeddable":true,"href":"https:\/\/noticiasdestaque.com.br\/index.php\/wp-json\/wp\/v2\/tags?post=41392"}],"curies":[{"name":"wp","href":"https:\/\/api.w.org\/{rel}","templated":true}]}}