{"id":41378,"date":"2025-01-18T00:04:00","date_gmt":"2025-01-18T03:04:00","guid":{"rendered":"https:\/\/noticiasdestaque.com.br\/index.php\/2025\/01\/18\/aumentam-casos-de-sindrome-respiratoria-no-norte-e-nordeste\/"},"modified":"2025-01-18T00:04:00","modified_gmt":"2025-01-18T03:04:00","slug":"aumentam-casos-de-sindrome-respiratoria-no-norte-e-nordeste","status":"publish","type":"post","link":"https:\/\/noticiasdestaque.com.br\/index.php\/2025\/01\/18\/aumentam-casos-de-sindrome-respiratoria-no-norte-e-nordeste\/","title":{"rendered":"Aumentam casos de s\u00edndrome respirat\u00f3ria no Norte e Nordeste"},"content":{"rendered":"<p>\t\t\t\t\t\t\t\t\t\t<audio controls class=\"b61_audio_player\" data-noticia=\"79702\" src=\"https:\/\/brasil61.com\/rails\/active_storage\/blobs\/eyJfcmFpbHMiOnsibWVzc2FnZSI6IkJBaHBBM0lxQXc9PSIsImV4cCI6bnVsbCwicHVyIjoiYmxvYl9pZCJ9fQ==--ef0ce676f36811ec999a7206a0031ac61594db1c\/BRAS2513335A\"><\/audio><\/p>\n<p>O v\u00edrus da Covid-19 continua sendo o respons\u00e1vel pela maior parte dos casos de S\u00edndrome Respirat\u00f3ria Aguda Grave (SRAG), principalmente em idosos no Norte e Nordeste do pa\u00eds. Os dados s\u00e3o do Boletim InfoGripe da Fiocruz e correspondem \u00e0 segunda semana epidemiol\u00f3gica de 2025 \u2014 que vai de 5 a 11 de janeiro.<\/p>\n<p>O relat\u00f3rio semanal mostra que os idosos s\u00e3o a popula\u00e7\u00e3o mais afetada pela Covid-19, e quem tem mais de 65 anos, e crian\u00e7as pequenas, vem apresentando maior mortalidade pelo v\u00edrus. O aumento de casos de SRAG vem sendo registrado na Para\u00edba, Sergipe, Amazonas e Rond\u00f4nia. J\u00e1 no estado do Cear\u00e1, os casos entre os idosos come\u00e7am a dar sinais de revers\u00e3o.<\/p>\n<h2>Redu\u00e7\u00e3o no centro-sul\u00a0<\/h2>\n<p>Na contram\u00e3o dos estados do Norte e Nordeste est\u00e3o os do centro-sul do pa\u00eds, que vem apresentando uma redu\u00e7\u00e3o no n\u00famero de casos de SRAG nas \u00faltimas semanas, segundo o boletim.<\/p>\n<h2>Incid\u00eancia e mortalidade<\/h2>\n<p>A maior parte dos casos de SRAG ainda \u00e9 causada pelo v\u00edrus da Covid-19. Nas \u00faltimas quatro semanas\u00a0foram 49,1%, contra 12,6% para influenza A e B e 21,1% para rinov\u00edrus. Quanto \u00e0 mortalidade, o Sars-CoV-2 foi respons\u00e1vel por 77,5% das mortes na \u00faltima semana.\u00a0<\/p>\n<p>\t\t\t\t\t\t\t\t\t<img loading=\"lazy\" decoding=\"async\" src=\"https:\/\/brasil61.com\/api\/v1\/serve_pixel\/17677\/79702\" alt=\"Pixel Brasil 61\" class=\"b61_pixel\" width=\"0\" height=\"0\"><\/p>\n<input type=\"hidden\" id=\"baseurl\" value=\"https:\/\/noticiasdestaque.com.br\"><input type=\"hidden\" id=\"audio_nonce\" value=\"5128c810d9\">","protected":false},"excerpt":{"rendered":"<p>Idosos est\u00e3o entre os mais afetados pela SRAG, a S\u00edndrome Respirat\u00f3ria Aguda Grave, causada pelo v\u00edrus da Covid-19<\/p>\n","protected":false},"author":1,"featured_media":41379,"comment_status":"open","ping_status":"open","sticky":false,"template":"","format":"standard","meta":{"fifu_image_url":"","fifu_image_alt":"","footnotes":""},"categories":[51],"tags":[],"class_list":["post-41378","post","type-post","status-publish","format-standard","has-post-thumbnail","hentry","category-saude"],"distributor_meta":false,"distributor_terms":false,"distributor_media":false,"distributor_original_site_name":"Noticias em Destaque","distributor_original_site_url":"https:\/\/noticiasdestaque.com.br","push-errors":false,"_links":{"self":[{"href":"https:\/\/noticiasdestaque.com.br\/index.php\/wp-json\/wp\/v2\/posts\/41378","targetHints":{"allow":["GET"]}}],"collection":[{"href":"https:\/\/noticiasdestaque.com.br\/index.php\/wp-json\/wp\/v2\/posts"}],"about":[{"href":"https:\/\/noticiasdestaque.com.br\/index.php\/wp-json\/wp\/v2\/types\/post"}],"author":[{"embeddable":true,"href":"https:\/\/noticiasdestaque.com.br\/index.php\/wp-json\/wp\/v2\/users\/1"}],"replies":[{"embeddable":true,"href":"https:\/\/noticiasdestaque.com.br\/index.php\/wp-json\/wp\/v2\/comments?post=41378"}],"version-history":[{"count":0,"href":"https:\/\/noticiasdestaque.com.br\/index.php\/wp-json\/wp\/v2\/posts\/41378\/revisions"}],"wp:featuredmedia":[{"embeddable":true,"href":"https:\/\/noticiasdestaque.com.br\/index.php\/wp-json\/wp\/v2\/media\/41379"}],"wp:attachment":[{"href":"https:\/\/noticiasdestaque.com.br\/index.php\/wp-json\/wp\/v2\/media?parent=41378"}],"wp:term":[{"taxonomy":"category","embeddable":true,"href":"https:\/\/noticiasdestaque.com.br\/index.php\/wp-json\/wp\/v2\/categories?post=41378"},{"taxonomy":"post_tag","embeddable":true,"href":"https:\/\/noticiasdestaque.com.br\/index.php\/wp-json\/wp\/v2\/tags?post=41378"}],"curies":[{"name":"wp","href":"https:\/\/api.w.org\/{rel}","templated":true}]}}