{"id":41296,"date":"2025-01-15T00:05:00","date_gmt":"2025-01-15T03:05:00","guid":{"rendered":"https:\/\/noticiasdestaque.com.br\/index.php\/2025\/01\/15\/propag-como-funcionara-programa-que-facilita-pagamento-de-dividas-dos-estados-e-do-df-com-a-uniao\/"},"modified":"2025-01-15T00:05:00","modified_gmt":"2025-01-15T03:05:00","slug":"propag-como-funcionara-programa-que-facilita-pagamento-de-dividas-dos-estados-e-do-df-com-a-uniao","status":"publish","type":"post","link":"https:\/\/noticiasdestaque.com.br\/index.php\/2025\/01\/15\/propag-como-funcionara-programa-que-facilita-pagamento-de-dividas-dos-estados-e-do-df-com-a-uniao\/","title":{"rendered":"Propag: como funcionar\u00e1 programa que facilita pagamento de d\u00edvidas dos estados e do DF com a Uni\u00e3o"},"content":{"rendered":"<p>\t\t\t\t\t\t\t\t\t\t<audio controls class=\"b61_audio_player\" data-noticia=\"79615\" src=\"https:\/\/brasil61.com\/rails\/active_storage\/blobs\/eyJfcmFpbHMiOnsibWVzc2FnZSI6IkJBaHBBemtvQXc9PSIsImV4cCI6bnVsbCwicHVyIjoiYmxvYl9pZCJ9fQ==--b22ff1f62789e7d32629f990d371cc8b7cee0c17\/BRAS2513315A\"><\/audio><\/p>\n<p>O <a href=\"https:\/\/www.in.gov.br\/en\/web\/dou\/-\/lei-complementar-n-212-de-13-de-janeiro-de-2025-606770578\" target=\"_blank\">projeto de Lei Complementar n\u00b0 212\/202<\/a>5 que institui o Programa de Pleno Pagamento de D\u00edvidas dos Estados (Propag) foi sancionado parcialmente pelo presidente Luiz In\u00e1cio Lula da Silva. A medida visa revisar os termos das d\u00edvidas dos estados e do Distrito Federal com a Uni\u00e3o, com a oferta de condi\u00e7\u00f5es favor\u00e1veis para renegocia\u00e7\u00e3o.\u00a0<\/p>\n<p>Os valores ficam corrigidos apenas pelo \u00cdndice Nacional de Pre\u00e7os ao Consumidor Amplo (IPCA) \u2013 hoje em 4,5% ao ano \u2013 mais uma taxa que varia entre 2% a 4%, dependendo do que for acertado no momento de firmar o contrato.\u00a0<\/p>\n<h2>Objetivos<\/h2>\n<p>Com o Propag, h\u00e1 previs\u00e3o de descontos nos juros, parcelamento das d\u00edvidas em at\u00e9 30 anos e, ainda, a cria\u00e7\u00e3o de um fundo de equaliza\u00e7\u00e3o federativa, destinado a compensar estados com boa situa\u00e7\u00e3o fiscal.\u00a0<\/p>\n<p>A medida busca, por meio da cria\u00e7\u00e3o do Fundo de Equaliza\u00e7\u00e3o Federativa, apoiar a recupera\u00e7\u00e3o fiscal dos estados e do Distrito Federal e fomentar o aumento da produtividade, promover o enfrentamento das mudan\u00e7as clim\u00e1ticas e melhoria da infraestrutura, da seguran\u00e7a p\u00fablica e da educa\u00e7\u00e3o com foco na forma\u00e7\u00e3o profissional da popula\u00e7\u00e3o.<\/p>\n<p>Pela norma, o ingresso no Propag ocorrer\u00e1 mediante ades\u00e3o do estado. O prazo para aderir ao programa vai at\u00e9 31 de dezembro de 2025.<\/p>\n<p>Cabe ressaltar que a ades\u00e3o ao Propag n\u00e3o implicar\u00e1 no desligamento do Programa de Acompanhamento e Transpar\u00eancia Fiscal nem do Programa de Reestrutura\u00e7\u00e3o e Ajuste Fiscal, de que trata a<a href=\"https:\/\/www.planalto.gov.br\/ccivil_03\/leis\/lcp\/lcp178.htm\" target=\"_blank\"> Lei Complementar n\u00ba 178\/2021.<\/a><\/p>\n<h2>Termos para pagar as d\u00edvidas\u00a0<\/h2>\n<p>Pela lei, os estados poder\u00e3o quitar parte das d\u00edvidas por meio de instrumentos listados no texto. Entre as possibilidades, est\u00e3o:<\/p>\n<ul>\n<li>Transfer\u00eancia de bens m\u00f3veis ou im\u00f3veis;<\/li>\n<li>Participa\u00e7\u00f5es societ\u00e1rias;<\/li>\n<li>Cr\u00e9ditos com o setor privado e outros ativos para a Uni\u00e3o.<\/li>\n<\/ul>\n<p>O saldo remanescente ser\u00e1 pago em parcelas corrigidas mensalmente, com possibilidade de amortiza\u00e7\u00f5es extraordin\u00e1rias e redu\u00e7\u00e3o dos valores das parcelas nos primeiros cinco anos.\u00a0Com isso, fica proibida a contrata\u00e7\u00e3o de novas opera\u00e7\u00f5es de cr\u00e9dito para o pagamento das parcelas refinanciadas durante a vig\u00eancia do contrato, sob pena de desligamento\u00a0do programa.<\/p>\n<h2>Vetos<\/h2>\n<p>O presidente Lula vetou dispositivos da lei complementar que, segundo o governo federal, poderiam impactar o resultado prim\u00e1rio nas contas p\u00fablicas \u2014 ou seja, seriam capazes de reduzir as receitas ou aumentar as despesas do governo diretamente.\u00a0<\/p>\n<p>O ministro da Fazenda, Fernando Haddad, j\u00e1 havia antecipado a possibilidade de o presidente vetar trechos do projeto. Segundo o ministro, houve aconselhamento para que fossem vetados dispositivos que impactassem as contas p\u00fablicas.<\/p>\n<p>Entre os artigos vetados est\u00e1 o que permitia que estados inscritos no Regime de Recupera\u00e7\u00e3o Fiscal (Rio de Janeiro, Rio Grande do Sul e Goi\u00e1s) acumulassem os benef\u00edcios com o Propag.<\/p>\n<p>O presidente tamb\u00e9m vetou o trecho que permitia aos governadores utilizarem os recursos do Fundo Nacional de Desenvolvimento Regional (FNDR), criado pela reforma tribut\u00e1ria, para abatimento de juros, bem como como a possibilidade de usar verbas de explora\u00e7\u00e3o de recursos naturais \u2013 petr\u00f3leo, g\u00e1s, energia \u2013 para abater uma parcela da d\u00edvida do estado com a Uni\u00e3o.<\/p>\n<p>Al\u00e9m disso, houve veto ao dispositivo que possibilitava aos entes abaterem uma parte de seus passivos com a Uni\u00e3o caso executem despesas, como obras, originalmente de responsabilidade do governo federal.<\/p>\n<p>Houve, ainda, veto aos artigos que permitiam que estados inscritos no Regime de Recupera\u00e7\u00e3o Fiscal (RRF) &#8211; Rio de Janeiro, Rio Grande do Sul e Goi\u00e1s &#8211; acumulassem os benef\u00edcios com o Propag.<\/p>\n<p>Outro dispositivo que ficou de fora da san\u00e7\u00e3o foi o que dispensava os estados que solicitassem ades\u00e3o ao Propag de cumprirem as metas j\u00e1 pactuadas no RRF.\u00a0<\/p>\n<h2>D\u00edvida dos estados\u00a0<\/h2>\n<p>As d\u00edvidas das unidades federativas com a Uni\u00e3o somam mais de R$ 765\u00a0bilh\u00f5es. E quatro estados representam cerca de 90% do montante dos d\u00e9bitos, sendo: Goi\u00e1s, Minas Gerais, Rio de Janeiro e Rio Grande do Sul os maiores devedores.\u00a0<br \/>\n\u00a0<\/p>\n<p>\t\t\t\t\t\t\t\t\t<img loading=\"lazy\" decoding=\"async\" src=\"https:\/\/brasil61.com\/api\/v1\/serve_pixel\/17677\/79615\" alt=\"Pixel Brasil 61\" class=\"b61_pixel\" width=\"0\" height=\"0\"><\/p>\n<input type=\"hidden\" id=\"baseurl\" value=\"https:\/\/noticiasdestaque.com.br\"><input type=\"hidden\" id=\"audio_nonce\" value=\"5128c810d9\">","protected":false},"excerpt":{"rendered":"<p>O presidente Luiz In\u00e1cio Lula da Silva sancionou, em partes, o Programa de Pleno Pagamento de D\u00edvidas dos Estados. Prazo de ades\u00e3o vai at\u00e9 31 de dezembro<\/p>\n","protected":false},"author":1,"featured_media":41297,"comment_status":"open","ping_status":"open","sticky":false,"template":"","format":"standard","meta":{"fifu_image_url":"","fifu_image_alt":"","footnotes":""},"categories":[59],"tags":[],"class_list":["post-41296","post","type-post","status-publish","format-standard","has-post-thumbnail","hentry","category-economia"],"distributor_meta":false,"distributor_terms":false,"distributor_media":false,"distributor_original_site_name":"Noticias em Destaque","distributor_original_site_url":"https:\/\/noticiasdestaque.com.br","push-errors":false,"_links":{"self":[{"href":"https:\/\/noticiasdestaque.com.br\/index.php\/wp-json\/wp\/v2\/posts\/41296","targetHints":{"allow":["GET"]}}],"collection":[{"href":"https:\/\/noticiasdestaque.com.br\/index.php\/wp-json\/wp\/v2\/posts"}],"about":[{"href":"https:\/\/noticiasdestaque.com.br\/index.php\/wp-json\/wp\/v2\/types\/post"}],"author":[{"embeddable":true,"href":"https:\/\/noticiasdestaque.com.br\/index.php\/wp-json\/wp\/v2\/users\/1"}],"replies":[{"embeddable":true,"href":"https:\/\/noticiasdestaque.com.br\/index.php\/wp-json\/wp\/v2\/comments?post=41296"}],"version-history":[{"count":0,"href":"https:\/\/noticiasdestaque.com.br\/index.php\/wp-json\/wp\/v2\/posts\/41296\/revisions"}],"wp:featuredmedia":[{"embeddable":true,"href":"https:\/\/noticiasdestaque.com.br\/index.php\/wp-json\/wp\/v2\/media\/41297"}],"wp:attachment":[{"href":"https:\/\/noticiasdestaque.com.br\/index.php\/wp-json\/wp\/v2\/media?parent=41296"}],"wp:term":[{"taxonomy":"category","embeddable":true,"href":"https:\/\/noticiasdestaque.com.br\/index.php\/wp-json\/wp\/v2\/categories?post=41296"},{"taxonomy":"post_tag","embeddable":true,"href":"https:\/\/noticiasdestaque.com.br\/index.php\/wp-json\/wp\/v2\/tags?post=41296"}],"curies":[{"name":"wp","href":"https:\/\/api.w.org\/{rel}","templated":true}]}}