{"id":41292,"date":"2025-01-14T00:10:00","date_gmt":"2025-01-14T03:10:00","guid":{"rendered":"https:\/\/noticiasdestaque.com.br\/index.php\/2025\/01\/14\/em-leve-baixa-dolar-fecha-segunda-a-r-609\/"},"modified":"2025-01-14T00:10:00","modified_gmt":"2025-01-14T03:10:00","slug":"em-leve-baixa-dolar-fecha-segunda-a-r-609","status":"publish","type":"post","link":"https:\/\/noticiasdestaque.com.br\/index.php\/2025\/01\/14\/em-leve-baixa-dolar-fecha-segunda-a-r-609\/","title":{"rendered":"Em leve baixa, d\u00f3lar fecha segunda a R$ 6,09"},"content":{"rendered":"<p>\t\t\t\t\t\t\t\t\t\t<audio controls class=\"b61_audio_player\" data-noticia=\"79597\" src=\"https:\/\/brasil61.com\/rails\/active_storage\/blobs\/eyJfcmFpbHMiOnsibWVzc2FnZSI6IkJBaHBBNzhuQXc9PSIsImV4cCI6bnVsbCwicHVyIjoiYmxvYl9pZCJ9fQ==--5cd370db08263f01d2edd5ea83f18280f4e1ea44\/BRAS2513306A\"><\/audio><\/p>\n<p>Nesta ter\u00e7a-feira (14) o d\u00f3lar \u00e9 cotado a R$ 6,09, em leve queda de 0,08%. O dia come\u00e7ou com a moeda americana em queda gra\u00e7as a not\u00edcias de que a equipe econ\u00f4mica do governo estaria em busca de novas medidas para o equil\u00edbrio fiscal.\u00a0<\/p>\n<p>A sinaliza\u00e7\u00e3o da Fazenda \u00e9 que novos cortes de gastos e aumento de arrecada\u00e7\u00e3o podem ser tomados ap\u00f3s a aprova\u00e7\u00e3o do or\u00e7amento deste ano no Congresso Nacional.\u00a0<\/p>\n<p>O equil\u00edbrio das contas p\u00fablicas tem sido um dos maiores focos do mercado desde o come\u00e7o de 2024 e este ano, at\u00e9 que os ajustes necess\u00e1rios sejam feitos, as aten\u00e7\u00f5es devem continuar neste tema.<\/p>\n<p>\n\u00a0<\/p>\n<p>\t\t\t\t\t\t\t\t\t<img loading=\"lazy\" decoding=\"async\" src=\"https:\/\/brasil61.com\/api\/v1\/serve_pixel\/17677\/79597\" alt=\"Pixel Brasil 61\" class=\"b61_pixel\" width=\"0\" height=\"0\"><\/p>\n<input type=\"hidden\" id=\"baseurl\" value=\"https:\/\/noticiasdestaque.com.br\"><input type=\"hidden\" id=\"audio_nonce\" value=\"6f73a554f1\">","protected":false},"excerpt":{"rendered":"<p>Ap\u00f3s muita oscila\u00e7\u00e3o durante o dia, moeda americana perdeu valor depois da forte alta de sexta-feira passada <\/p>\n","protected":false},"author":1,"featured_media":41293,"comment_status":"open","ping_status":"open","sticky":false,"template":"","format":"standard","meta":{"fifu_image_url":"","fifu_image_alt":"","footnotes":""},"categories":[59],"tags":[],"class_list":["post-41292","post","type-post","status-publish","format-standard","has-post-thumbnail","hentry","category-economia"],"distributor_meta":false,"distributor_terms":false,"distributor_media":false,"distributor_original_site_name":"Noticias em Destaque","distributor_original_site_url":"https:\/\/noticiasdestaque.com.br","push-errors":false,"_links":{"self":[{"href":"https:\/\/noticiasdestaque.com.br\/index.php\/wp-json\/wp\/v2\/posts\/41292","targetHints":{"allow":["GET"]}}],"collection":[{"href":"https:\/\/noticiasdestaque.com.br\/index.php\/wp-json\/wp\/v2\/posts"}],"about":[{"href":"https:\/\/noticiasdestaque.com.br\/index.php\/wp-json\/wp\/v2\/types\/post"}],"author":[{"embeddable":true,"href":"https:\/\/noticiasdestaque.com.br\/index.php\/wp-json\/wp\/v2\/users\/1"}],"replies":[{"embeddable":true,"href":"https:\/\/noticiasdestaque.com.br\/index.php\/wp-json\/wp\/v2\/comments?post=41292"}],"version-history":[{"count":0,"href":"https:\/\/noticiasdestaque.com.br\/index.php\/wp-json\/wp\/v2\/posts\/41292\/revisions"}],"wp:featuredmedia":[{"embeddable":true,"href":"https:\/\/noticiasdestaque.com.br\/index.php\/wp-json\/wp\/v2\/media\/41293"}],"wp:attachment":[{"href":"https:\/\/noticiasdestaque.com.br\/index.php\/wp-json\/wp\/v2\/media?parent=41292"}],"wp:term":[{"taxonomy":"category","embeddable":true,"href":"https:\/\/noticiasdestaque.com.br\/index.php\/wp-json\/wp\/v2\/categories?post=41292"},{"taxonomy":"post_tag","embeddable":true,"href":"https:\/\/noticiasdestaque.com.br\/index.php\/wp-json\/wp\/v2\/tags?post=41292"}],"curies":[{"name":"wp","href":"https:\/\/api.w.org\/{rel}","templated":true}]}}