{"id":41274,"date":"2025-01-13T18:00:00","date_gmt":"2025-01-13T21:00:00","guid":{"rendered":"https:\/\/noticiasdestaque.com.br\/index.php\/2025\/01\/13\/previsao-do-tempo-chuvas-intensas-em-parte-do-sudeste-nesta-terca-feira-14\/"},"modified":"2025-01-13T18:00:00","modified_gmt":"2025-01-13T21:00:00","slug":"previsao-do-tempo-chuvas-intensas-em-parte-do-sudeste-nesta-terca-feira-14","status":"publish","type":"post","link":"https:\/\/noticiasdestaque.com.br\/index.php\/2025\/01\/13\/previsao-do-tempo-chuvas-intensas-em-parte-do-sudeste-nesta-terca-feira-14\/","title":{"rendered":"PREVIS\u00c3O DO TEMPO: Chuvas intensas em parte do Sudeste, nesta ter\u00e7a-feira (14)"},"content":{"rendered":"<p>\t\t\t\t\t\t\t\t\t\t<audio controls class=\"b61_audio_player\" data-noticia=\"79606\" src=\"https:\/\/brasil61.com\/rails\/active_storage\/blobs\/eyJfcmFpbHMiOnsibWVzc2FnZSI6IkJBaHBBN29uQXc9PSIsImV4cCI6bnVsbCwicHVyIjoiYmxvYl9pZCJ9fQ==--6a7ca4125166f5c0a628738aeee2b3825c43b66a\/PTSD253941A\"><\/audio><\/p>\n<p>A regi\u00e3o Sudeste do pa\u00eds ter\u00e1 chuvas intensas nesta ter\u00e7a-feira (14).\u00a0<\/p>\n<p>O aviso \u00e9 de perigo, pela manh\u00e3, nas regi\u00f5es do Tri\u00e2ngulo Mineiro, noroeste e central mineira. A chuva pode ter at\u00e9 100 mm. H\u00e1 risco de corte de energia el\u00e9trica, queda de galhos de \u00e1rvores, alagamentos e de descargas el\u00e9tricas.<\/p>\n<p>Para as demais regi\u00f5es mineiras, bem como para S\u00e3o Jos\u00e9 do Rio Preto e Ribeir\u00e3o Preto, em S\u00e3o Paulo, o aviso \u00e9 de perigo potencial. O aviso tamb\u00e9m se estende para algumas regi\u00f5es do Esp\u00edrito Santo, como: noroeste, litoral norte, central e sul.<\/p>\n<p>O aviso de chuvas intensas s\u00f3 n\u00e3o vale para o estado do Rio de Janeiro.\u00a0<\/p>\n<p>Nos litorais dos estados do Rio de Janeiro e de S\u00e3o Paulo a previs\u00e3o \u00e9 de c\u00e9u nublado com chuva isolada pela tarde. J\u00e1 Minas Gerais e Esp\u00edrito Santo ter\u00e3o c\u00e9u com muitas pancadas de chuva e trovoadas isoladas.\u00a0<\/p>\n<p>Entre as capitais, a temperatura m\u00ednima prevista nesta ter\u00e7a-feira \u00e9 de 16\u00b0C, em S\u00e3o Paulo. J\u00e1 a m\u00e1xima pode chegar a 30\u00b0C, em Vit\u00f3ria. A umidade relativa do ar varia entre 40% e 100%.<\/p>\n<p>As informa\u00e7\u00f5es s\u00e3o do Instituto Nacional de Meteorologia. \u00a0<\/p>\n<p>\u00a0<\/p>\n<p>\t\t\t\t\t\t\t\t\t<img loading=\"lazy\" decoding=\"async\" src=\"https:\/\/brasil61.com\/api\/v1\/serve_pixel\/17677\/79606\" alt=\"Pixel Brasil 61\" class=\"b61_pixel\" width=\"0\" height=\"0\"><\/p>\n<input type=\"hidden\" id=\"baseurl\" value=\"https:\/\/noticiasdestaque.com.br\"><input type=\"hidden\" id=\"audio_nonce\" value=\"6f73a554f1\">","protected":false},"excerpt":{"rendered":"<p>Aviso do Inmet s\u00f3 n\u00e3o vale para o Rio de Janeiro<\/p>\n","protected":false},"author":1,"featured_media":41275,"comment_status":"open","ping_status":"open","sticky":false,"template":"","format":"standard","meta":{"fifu_image_url":"","fifu_image_alt":"","footnotes":""},"categories":[58],"tags":[],"class_list":["post-41274","post","type-post","status-publish","format-standard","has-post-thumbnail","hentry","category-cotidiano"],"distributor_meta":false,"distributor_terms":false,"distributor_media":false,"distributor_original_site_name":"Noticias em Destaque","distributor_original_site_url":"https:\/\/noticiasdestaque.com.br","push-errors":false,"_links":{"self":[{"href":"https:\/\/noticiasdestaque.com.br\/index.php\/wp-json\/wp\/v2\/posts\/41274","targetHints":{"allow":["GET"]}}],"collection":[{"href":"https:\/\/noticiasdestaque.com.br\/index.php\/wp-json\/wp\/v2\/posts"}],"about":[{"href":"https:\/\/noticiasdestaque.com.br\/index.php\/wp-json\/wp\/v2\/types\/post"}],"author":[{"embeddable":true,"href":"https:\/\/noticiasdestaque.com.br\/index.php\/wp-json\/wp\/v2\/users\/1"}],"replies":[{"embeddable":true,"href":"https:\/\/noticiasdestaque.com.br\/index.php\/wp-json\/wp\/v2\/comments?post=41274"}],"version-history":[{"count":0,"href":"https:\/\/noticiasdestaque.com.br\/index.php\/wp-json\/wp\/v2\/posts\/41274\/revisions"}],"wp:featuredmedia":[{"embeddable":true,"href":"https:\/\/noticiasdestaque.com.br\/index.php\/wp-json\/wp\/v2\/media\/41275"}],"wp:attachment":[{"href":"https:\/\/noticiasdestaque.com.br\/index.php\/wp-json\/wp\/v2\/media?parent=41274"}],"wp:term":[{"taxonomy":"category","embeddable":true,"href":"https:\/\/noticiasdestaque.com.br\/index.php\/wp-json\/wp\/v2\/categories?post=41274"},{"taxonomy":"post_tag","embeddable":true,"href":"https:\/\/noticiasdestaque.com.br\/index.php\/wp-json\/wp\/v2\/tags?post=41274"}],"curies":[{"name":"wp","href":"https:\/\/api.w.org\/{rel}","templated":true}]}}