{"id":41217,"date":"2025-01-10T02:22:00","date_gmt":"2025-01-10T05:22:00","guid":{"rendered":"https:\/\/noticiasdestaque.com.br\/index.php\/2025\/01\/10\/dolar-fecha-em-queda-de-111-abaixo-de-r-605\/"},"modified":"2025-01-10T02:22:00","modified_gmt":"2025-01-10T05:22:00","slug":"dolar-fecha-em-queda-de-111-abaixo-de-r-605","status":"publish","type":"post","link":"https:\/\/noticiasdestaque.com.br\/index.php\/2025\/01\/10\/dolar-fecha-em-queda-de-111-abaixo-de-r-605\/","title":{"rendered":"D\u00f3lar fecha em queda de 1,11% abaixo de R$ 6,05"},"content":{"rendered":"<p>\t\t\t\t\t\t\t\t\t\t<audio controls class=\"b61_audio_player\" data-noticia=\"79521\" src=\"https:\/\/brasil61.com\/rails\/active_storage\/blobs\/eyJfcmFpbHMiOnsibWVzc2FnZSI6IkJBaHBBeW9tQXc9PSIsImV4cCI6bnVsbCwicHVyIjoiYmxvYl9pZCJ9fQ==--ee469307d65992962f81b5eb21c46212cd76de39\/BRAS2513293A\"><\/audio><\/p>\n<p>\u00a0O d\u00f3lar fechou o \u00faltimo preg\u00e3o em queda de 1,11% abaixo de R$ 6,05, sendo cotado a R$ 6,0411, no menor n\u00edvel desde 13 de dezembro.<\/p>\n<p>A moeda sofreu com impactos ap\u00f3s divulga\u00e7\u00e3o de dados do varejo em novembro, com retra\u00e7\u00e3o de 0,4%,\u00a0de acordo com a Pesquisa Mensal de Com\u00e9rcio (PMC) do IBGE.<\/p>\n<p>O resultado de baixa da moeda foi registrado num dia em que os mercados dos Estados Unidos est\u00e3o fechados, em virtude\u00a0do funeral do ex-presidente Jimmy Carter.<\/p>\n<p>Al\u00e9m disso, os investidores seguem atentos em rela\u00e7\u00e3o \u00e0s not\u00edcias sobre a agenda tarif\u00e1ria do futuro presidente dos Estados Unidos, Donald Trump, que pode aumentar as tarifas de importa\u00e7\u00e3o do pa\u00eds quando tomar posse. Trump considera declarar emerg\u00eancia econ\u00f4mica nos EUA para justificar legalmente a alta em\u00a0tarifas de importa\u00e7\u00e3o, segundo a CNN internacional.<\/p>\n<p>\u00a0<\/p>\n<p>\t\t\t\t\t\t\t\t\t<img loading=\"lazy\" decoding=\"async\" src=\"https:\/\/brasil61.com\/api\/v1\/serve_pixel\/17677\/79521\" alt=\"Pixel Brasil 61\" class=\"b61_pixel\" width=\"0\" height=\"0\"><\/p>\n<input type=\"hidden\" id=\"baseurl\" value=\"https:\/\/noticiasdestaque.com.br\"><input type=\"hidden\" id=\"audio_nonce\" value=\"6f73a554f1\">","protected":false},"excerpt":{"rendered":"<p>Moeda \u00e9 impactada ap\u00f3s divulga\u00e7\u00e3o de dados do varejo em novembro, com retra\u00e7\u00e3o de 0,4% <\/p>\n","protected":false},"author":1,"featured_media":41218,"comment_status":"open","ping_status":"open","sticky":false,"template":"","format":"standard","meta":{"fifu_image_url":"","fifu_image_alt":"","footnotes":""},"categories":[59],"tags":[],"class_list":["post-41217","post","type-post","status-publish","format-standard","has-post-thumbnail","hentry","category-economia"],"distributor_meta":false,"distributor_terms":false,"distributor_media":false,"distributor_original_site_name":"Noticias em Destaque","distributor_original_site_url":"https:\/\/noticiasdestaque.com.br","push-errors":false,"_links":{"self":[{"href":"https:\/\/noticiasdestaque.com.br\/index.php\/wp-json\/wp\/v2\/posts\/41217","targetHints":{"allow":["GET"]}}],"collection":[{"href":"https:\/\/noticiasdestaque.com.br\/index.php\/wp-json\/wp\/v2\/posts"}],"about":[{"href":"https:\/\/noticiasdestaque.com.br\/index.php\/wp-json\/wp\/v2\/types\/post"}],"author":[{"embeddable":true,"href":"https:\/\/noticiasdestaque.com.br\/index.php\/wp-json\/wp\/v2\/users\/1"}],"replies":[{"embeddable":true,"href":"https:\/\/noticiasdestaque.com.br\/index.php\/wp-json\/wp\/v2\/comments?post=41217"}],"version-history":[{"count":0,"href":"https:\/\/noticiasdestaque.com.br\/index.php\/wp-json\/wp\/v2\/posts\/41217\/revisions"}],"wp:featuredmedia":[{"embeddable":true,"href":"https:\/\/noticiasdestaque.com.br\/index.php\/wp-json\/wp\/v2\/media\/41218"}],"wp:attachment":[{"href":"https:\/\/noticiasdestaque.com.br\/index.php\/wp-json\/wp\/v2\/media?parent=41217"}],"wp:term":[{"taxonomy":"category","embeddable":true,"href":"https:\/\/noticiasdestaque.com.br\/index.php\/wp-json\/wp\/v2\/categories?post=41217"},{"taxonomy":"post_tag","embeddable":true,"href":"https:\/\/noticiasdestaque.com.br\/index.php\/wp-json\/wp\/v2\/tags?post=41217"}],"curies":[{"name":"wp","href":"https:\/\/api.w.org\/{rel}","templated":true}]}}