{"id":41207,"date":"2025-01-13T00:03:00","date_gmt":"2025-01-13T03:03:00","guid":{"rendered":"https:\/\/noticiasdestaque.com.br\/index.php\/2025\/01\/13\/inclusao-digital-programa-computadores-para-inclusao-registra-maior-doacao-da-historia-em-2024\/"},"modified":"2025-01-13T00:03:00","modified_gmt":"2025-01-13T03:03:00","slug":"inclusao-digital-programa-computadores-para-inclusao-registra-maior-doacao-da-historia-em-2024","status":"publish","type":"post","link":"https:\/\/noticiasdestaque.com.br\/index.php\/2025\/01\/13\/inclusao-digital-programa-computadores-para-inclusao-registra-maior-doacao-da-historia-em-2024\/","title":{"rendered":"Inclus\u00e3o digital: Programa \u2018Computadores para Inclus\u00e3o\u2019 registra maior doa\u00e7\u00e3o da hist\u00f3ria em 2024"},"content":{"rendered":"<p>\t\t\t\t\t\t\t\t\t\t<audio controls class=\"b61_audio_player\" data-noticia=\"79582\" src=\"https:\/\/brasil61.com\/rails\/active_storage\/blobs\/eyJfcmFpbHMiOnsibWVzc2FnZSI6IkJBaHBBeTRuQXc9PSIsImV4cCI6bnVsbCwicHVyIjoiYmxvYl9pZCJ9fQ==--ebb1d6aae49f6737487eab4416c16e26bd720058\/MCOM250081A\"><\/audio><\/p>\n<p>O\u00a0programa Computadores para Inclus\u00e3o, do Minist\u00e9rio das Comunica\u00e7\u00f5es, fez 13.026 doa\u00e7\u00f5es em 2024. O n\u00famero \u00e9 quase o dobro de 2023 e o maior da hist\u00f3ria. Foram atendidos 448 munic\u00edpios, em 1.249 pontos de inclus\u00e3o digital. Maranh\u00e3o e Par\u00e1 foram os estados que mais receberam doa\u00e7\u00f5es: 4.114 e 1.511, respectivamente.<\/p>\n<p>\u201cO programa Computadores para Inclus\u00e3o muito nos orgulha, porque al\u00e9m de dar destina\u00e7\u00e3o correta a equipamentos que iriam para o lixo, proporciona capacita\u00e7\u00e3o profissional a jovens e adultos e ainda promove a inclus\u00e3o digital para os usu\u00e1rios dos laborat\u00f3rios de inform\u00e1tica, especialmente em regi\u00f5es de dif\u00edcil acesso. Em raz\u00e3o de todos esses benef\u00edcios, desde que assumimos a gest\u00e3o, fizemos quest\u00e3o de ampliar o programa\u201d, afirma o ministro das Comunica\u00e7\u00f5es, Juscelino Filho.<\/p>\n<p>Somente em 2024, foram 10.582 forma\u00e7\u00f5es em 78 cursos, por meio de 13 centros de recondicionamento de computadores.<\/p>\n<p>O objetivo do programa Computadores para Inclus\u00e3o \u00e9 apoiar e viabilizar iniciativas de promo\u00e7\u00e3o da inclus\u00e3o digital por meio dos centros de recondicionamento de computadores (CRC) \u2014 espa\u00e7os f\u00edsicos adaptados para o recondicionamento de equipamentos eletroeletr\u00f4nicos, para a realiza\u00e7\u00e3o de cursos e oficinas. Al\u00e9m disso, realiza o descarte correto de res\u00edduos eletr\u00f4nicos.<\/p>\n<p>Os insumos para os CRCs v\u00eam do desfazimento de bens e equipamentos eletroeletr\u00f4nicos de institui\u00e7\u00f5es p\u00fablicas.<\/p>\n<p>Desde a cria\u00e7\u00e3o do programa, em 2010, j\u00e1 foram doados 53.216 computadores a 1.083 munic\u00edpios, atendendo a 4.021 pontos de inclus\u00e3o digital. Mais de 215 cursos foram oferecidos nos atuais 25 CRCs, capacitando mais de 49 mil alunos para a era digital.<\/p>\n<p>A previs\u00e3o do programa \u00e9 chegar \u00e0 marca de 60 mil computadores doados at\u00e9 o final de 2026.<\/p>\n<p>Nos dois \u00faltimos anos, foram priorizadas doa\u00e7\u00f5es para atender a popula\u00e7\u00e3o que vive em locais de dif\u00edcil acesso, como territ\u00f3rios quilombolas e aldeias ind\u00edgenas, trabalhadores rurais, extrativistas, pescadores e associa\u00e7\u00f5es de moradores.<\/p>\n<p>Em dezembro do ano passado, o Minist\u00e9rio das Comunica\u00e7\u00f5es divulgou o resultado do edital para expandir o programa para todo o Brasil. Com isso, haver\u00e1 CRCs distribu\u00eddos em todos os estados brasileiros e no Distrito Federal.<\/p>\n<h2>Computadores para Inclus\u00e3o: o que \u00e9<\/h2>\n<p>O <a href=\"https:\/\/www.gov.br\/mcom\/pt-br\/acesso-a-informacao\/acoes-e-programas\/programas-projetos-acoes-obras-e-atividades\/computadores-para-inclusao-1\">Programa Computadores<\/a> para Inclus\u00e3o \u00e9 uma a\u00e7\u00e3o do Governo Federal, executada pelo Minist\u00e9rio das Comunica\u00e7\u00f5es (MCom), para implementa\u00e7\u00e3o de Pol\u00edticas de Inclus\u00e3o Digital. O Programa tem como objetivo apoiar e viabilizar iniciativas de promo\u00e7\u00e3o da inclus\u00e3o digital por meio dos Centros de Recondicionamento de Computadores (CRC) \u2014 espa\u00e7os f\u00edsicos adaptados para o recondicionamento de equipamentos eletroeletr\u00f4nicos, para a realiza\u00e7\u00e3o de cursos e oficinas e realiza o descarte correto de res\u00edduos eletr\u00f4nicos.<\/p>\n<p>Fonte: MCOM<\/p>\n<p>\t\t\t\t\t\t\t\t\t<img loading=\"lazy\" decoding=\"async\" src=\"https:\/\/brasil61.com\/api\/v1\/serve_pixel\/17677\/79582\" alt=\"Pixel Brasil 61\" class=\"b61_pixel\" width=\"0\" height=\"0\"><\/p>\n<input type=\"hidden\" id=\"baseurl\" value=\"https:\/\/noticiasdestaque.com.br\"><input type=\"hidden\" id=\"audio_nonce\" value=\"5128c810d9\">","protected":false},"excerpt":{"rendered":"<p>Foram doadas, s\u00f3 no ano passado, 13 mil m\u00e1quinas para 448 munic\u00edpios, em 1.249 pontos de inclus\u00e3o digital<\/p>\n","protected":false},"author":1,"featured_media":41208,"comment_status":"open","ping_status":"open","sticky":false,"template":"","format":"standard","meta":{"fifu_image_url":"","fifu_image_alt":"","footnotes":""},"categories":[48],"tags":[],"class_list":["post-41207","post","type-post","status-publish","format-standard","has-post-thumbnail","hentry","category-mundo"],"distributor_meta":false,"distributor_terms":false,"distributor_media":false,"distributor_original_site_name":"Noticias em Destaque","distributor_original_site_url":"https:\/\/noticiasdestaque.com.br","push-errors":false,"_links":{"self":[{"href":"https:\/\/noticiasdestaque.com.br\/index.php\/wp-json\/wp\/v2\/posts\/41207","targetHints":{"allow":["GET"]}}],"collection":[{"href":"https:\/\/noticiasdestaque.com.br\/index.php\/wp-json\/wp\/v2\/posts"}],"about":[{"href":"https:\/\/noticiasdestaque.com.br\/index.php\/wp-json\/wp\/v2\/types\/post"}],"author":[{"embeddable":true,"href":"https:\/\/noticiasdestaque.com.br\/index.php\/wp-json\/wp\/v2\/users\/1"}],"replies":[{"embeddable":true,"href":"https:\/\/noticiasdestaque.com.br\/index.php\/wp-json\/wp\/v2\/comments?post=41207"}],"version-history":[{"count":0,"href":"https:\/\/noticiasdestaque.com.br\/index.php\/wp-json\/wp\/v2\/posts\/41207\/revisions"}],"wp:featuredmedia":[{"embeddable":true,"href":"https:\/\/noticiasdestaque.com.br\/index.php\/wp-json\/wp\/v2\/media\/41208"}],"wp:attachment":[{"href":"https:\/\/noticiasdestaque.com.br\/index.php\/wp-json\/wp\/v2\/media?parent=41207"}],"wp:term":[{"taxonomy":"category","embeddable":true,"href":"https:\/\/noticiasdestaque.com.br\/index.php\/wp-json\/wp\/v2\/categories?post=41207"},{"taxonomy":"post_tag","embeddable":true,"href":"https:\/\/noticiasdestaque.com.br\/index.php\/wp-json\/wp\/v2\/tags?post=41207"}],"curies":[{"name":"wp","href":"https:\/\/api.w.org\/{rel}","templated":true}]}}