{"id":41173,"date":"2025-01-10T15:09:00","date_gmt":"2025-01-10T18:09:00","guid":{"rendered":"https:\/\/noticiasdestaque.com.br\/index.php\/2025\/01\/10\/previsao-do-tempo-pancadas-de-chuvas-para-minas-sol-entre-nuvens-em-sp-rj-e-es\/"},"modified":"2025-01-10T15:09:00","modified_gmt":"2025-01-10T18:09:00","slug":"previsao-do-tempo-pancadas-de-chuvas-para-minas-sol-entre-nuvens-em-sp-rj-e-es","status":"publish","type":"post","link":"https:\/\/noticiasdestaque.com.br\/index.php\/2025\/01\/10\/previsao-do-tempo-pancadas-de-chuvas-para-minas-sol-entre-nuvens-em-sp-rj-e-es\/","title":{"rendered":"PREVIS\u00c3O DO TEMPO: Pancadas de chuvas para Minas, sol entre nuvens em SP, RJ e ES"},"content":{"rendered":"<p>\t\t\t\t\t\t\t\t\t\t<audio controls class=\"b61_audio_player\" data-noticia=\"79562\" src=\"https:\/\/brasil61.com\/rails\/active_storage\/blobs\/eyJfcmFpbHMiOnsibWVzc2FnZSI6IkJBaHBBeUFuQXc9PSIsImV4cCI6bnVsbCwicHVyIjoiYmxvYl9pZCJ9fQ==--3efef9126b59cfd969543ac83c9d90639ccf729d\/PTSD253939A\"><\/audio><\/p>\n<p>Mais um dia de chuva prevista para a regi\u00e3o Sudeste. Em todo o estado de Minas Gerais a previs\u00e3o \u00e9 de pancadas de chuvas. A nebulosidade aumenta ao longo do dia e pode chover \u00e0 tarde e \u00e0 noite, com risco de trovoadas, que vale para todas as regi\u00f5es do estado, desde o tri\u00e2ngulo, onde em Uberl\u00e2ndia a m\u00e1xima prevista \u00e9 de 31\u00baC, at\u00e9 a Zona da Mata. Em Juiz de Fora, a chuva derruba a temperatura, que pode chegar aos 15\u00baC.\u00a0<\/p>\n<p>No estado do Rio tamb\u00e9m h\u00e1 previs\u00e3o de um dia nublado com pancadas de chuva previstas. Na capital\u00a0o tempo fica mais firme e o sol aparece entre nuvens, com m\u00e1xima chegando aos 30\u00baC. O mesmo vale para o Esp\u00edrito Santo, onde em Vit\u00f3ria, o calor chega aos 31\u00baC.<\/p>\n<p>No litoral paulistano, onde a chuva vem causando estragos, ser\u00e1 mais um dia de previs\u00e3o de aumento de nuvens e chance de chover. S\u00e3o Paulo, tamb\u00e9m com previs\u00e3o de chuva, tem m\u00e1xima prevista de 26\u00baC.\u00a0<\/p>\n<p>As informa\u00e7\u00f5es s\u00e3o do Inmet.<\/p>\n<p>\n\u00a0<\/p>\n<p>\t\t\t\t\t\t\t\t\t<img loading=\"lazy\" decoding=\"async\" src=\"https:\/\/brasil61.com\/api\/v1\/serve_pixel\/17677\/79562\" alt=\"Pixel Brasil 61\" class=\"b61_pixel\" width=\"0\" height=\"0\"><\/p>\n<input type=\"hidden\" id=\"baseurl\" value=\"https:\/\/noticiasdestaque.com.br\"><input type=\"hidden\" id=\"audio_nonce\" value=\"6f73a554f1\">","protected":false},"excerpt":{"rendered":"<p>Menor volume de chuva \u00e9 esperado para a por\u00e7\u00e3o sul do estado de S\u00e3o Paulo. Rio de Janeiro e Vit\u00f3ria devem ter um domingo de praia<\/p>\n","protected":false},"author":1,"featured_media":41174,"comment_status":"open","ping_status":"open","sticky":false,"template":"","format":"standard","meta":{"fifu_image_url":"","fifu_image_alt":"","footnotes":""},"categories":[58],"tags":[],"class_list":["post-41173","post","type-post","status-publish","format-standard","has-post-thumbnail","hentry","category-cotidiano"],"distributor_meta":false,"distributor_terms":false,"distributor_media":false,"distributor_original_site_name":"Noticias em Destaque","distributor_original_site_url":"https:\/\/noticiasdestaque.com.br","push-errors":false,"_links":{"self":[{"href":"https:\/\/noticiasdestaque.com.br\/index.php\/wp-json\/wp\/v2\/posts\/41173","targetHints":{"allow":["GET"]}}],"collection":[{"href":"https:\/\/noticiasdestaque.com.br\/index.php\/wp-json\/wp\/v2\/posts"}],"about":[{"href":"https:\/\/noticiasdestaque.com.br\/index.php\/wp-json\/wp\/v2\/types\/post"}],"author":[{"embeddable":true,"href":"https:\/\/noticiasdestaque.com.br\/index.php\/wp-json\/wp\/v2\/users\/1"}],"replies":[{"embeddable":true,"href":"https:\/\/noticiasdestaque.com.br\/index.php\/wp-json\/wp\/v2\/comments?post=41173"}],"version-history":[{"count":0,"href":"https:\/\/noticiasdestaque.com.br\/index.php\/wp-json\/wp\/v2\/posts\/41173\/revisions"}],"wp:featuredmedia":[{"embeddable":true,"href":"https:\/\/noticiasdestaque.com.br\/index.php\/wp-json\/wp\/v2\/media\/41174"}],"wp:attachment":[{"href":"https:\/\/noticiasdestaque.com.br\/index.php\/wp-json\/wp\/v2\/media?parent=41173"}],"wp:term":[{"taxonomy":"category","embeddable":true,"href":"https:\/\/noticiasdestaque.com.br\/index.php\/wp-json\/wp\/v2\/categories?post=41173"},{"taxonomy":"post_tag","embeddable":true,"href":"https:\/\/noticiasdestaque.com.br\/index.php\/wp-json\/wp\/v2\/tags?post=41173"}],"curies":[{"name":"wp","href":"https:\/\/api.w.org\/{rel}","templated":true}]}}