{"id":41169,"date":"2025-01-11T00:04:00","date_gmt":"2025-01-11T03:04:00","guid":{"rendered":"https:\/\/noticiasdestaque.com.br\/index.php\/2025\/01\/11\/pais-registra-queda-nos-casos-de-sindromes-respiratorias-na-primeira-semana-do-ano\/"},"modified":"2025-01-11T00:04:00","modified_gmt":"2025-01-11T03:04:00","slug":"pais-registra-queda-nos-casos-de-sindromes-respiratorias-na-primeira-semana-do-ano","status":"publish","type":"post","link":"https:\/\/noticiasdestaque.com.br\/index.php\/2025\/01\/11\/pais-registra-queda-nos-casos-de-sindromes-respiratorias-na-primeira-semana-do-ano\/","title":{"rendered":"Pa\u00eds registra queda nos casos de s\u00edndromes respirat\u00f3rias na primeira semana do ano"},"content":{"rendered":"<p>\t\t\t\t\t\t\t\t\t\t<audio controls class=\"b61_audio_player\" data-noticia=\"79554\" src=\"https:\/\/brasil61.com\/rails\/active_storage\/blobs\/eyJfcmFpbHMiOnsibWVzc2FnZSI6IkJBaHBBeFVuQXc9PSIsImV4cCI6bnVsbCwicHVyIjoiYmxvYl9pZCJ9fQ==--002df858bc500a74d6caa6a719a2c1dbd2b094fe\/BRAS2513295A\"><\/audio><\/p>\n<p>O ano come\u00e7a com queda no n\u00famero de casos de S\u00edndrome Respirat\u00f3ria Aguda Grave (SRAG) no pa\u00eds. Os dados s\u00e3o do primeiro Boletim Infogripe da Fiocruz, relativos ao per\u00edodo de 29 de dezembro a 4 de janeiro.\u00a0<\/p>\n<p>Apesar da redu\u00e7\u00e3o no pa\u00eds, dados de cinco estados mostraram tend\u00eancia de crescimento a longo prazo, s\u00e3o eles: \u00a0Alagoas, Para\u00edba, Acre, Rond\u00f4nia e Roraima. A maior parte dos casos de S\u00edndrome Respirat\u00f3ria Aguda Grave (SRAG) em crian\u00e7as e adolescentes \u00e9 causada pelo rinov\u00edrus, j\u00e1 o v\u00edrus da Covid-19 predomina entre os idosos.\u00a0<\/p>\n<h2>Aumento de Covid no Norte e Nordeste<\/h2>\n<p>O estado do Cear\u00e1 \u00e9 o que o vem apresentando maior n\u00famero de casos de SRAG por Covid-19 , sobretudo em jovens e adultos. J\u00e1 nos idosos, o boletim mostra sinais de desacelera\u00e7\u00e3o. Em outros estados como Para\u00edba, Rio Grande do Norte, Sergipe e Maranh\u00e3o, no Nordeste,\u00a0e Amazonas, Acre, Par\u00e1 e Rond\u00f4nia, no Norte, o aumento no n\u00famero de casos de SRAG pode estar associado ao v\u00edrus da Covid-19.\u00a0<\/p>\n<p>Segundo a pesquisadora Tatiana Portella, do Programa de Computa\u00e7\u00e3o Cient\u00edfica da Fiocruz e coordenadora do InfoGripe, por conta das festas de final de ano, os dados laboratoriais n\u00e3o s\u00e3o suficientes para afirmar que os casos mais graves s\u00e3o, de fato, causados pelo v\u00edrus da Covid.\u00a0Ela refor\u00e7a a import\u00e2ncia de manter os cuidados de preven\u00e7\u00e3o.<\/p>\n<p>\u201cA gente refor\u00e7a a import\u00e2ncia da vacina\u00e7\u00e3o contra Covid-19. \u00c9\u00a0importante que todas as pessoas estejam com esquema completo de vacina\u00e7\u00e3o. Tamb\u00e9m \u00e9 importante que as pessoas dos grupos especiais estabelecidos pelo Minist\u00e9rio da Sa\u00fade\u00a0tamb\u00e9m estejam em dia com a vacina\u00e7\u00e3o peri\u00f3dica anual da Covid-19.\u201d\u00a0<\/p>\n<p>Para quem tiver sintomas\u00a0como febre, coriza e\u00a0dores de cabe\u00e7a, a recomenda\u00e7\u00e3o \u00e9 manter o isolamento.\u00a0<\/p>\n<p>\t\t\t\t\t\t\t\t\t<img loading=\"lazy\" decoding=\"async\" src=\"https:\/\/brasil61.com\/api\/v1\/serve_pixel\/17677\/79554\" alt=\"Pixel Brasil 61\" class=\"b61_pixel\" width=\"0\" height=\"0\"><\/p>\n<input type=\"hidden\" id=\"baseurl\" value=\"https:\/\/noticiasdestaque.com.br\"><input type=\"hidden\" id=\"audio_nonce\" value=\"6f73a554f1\">","protected":false},"excerpt":{"rendered":"<p>A maior parte dos casos de S\u00edndrome Respirat\u00f3ria Aguda Grave (SRAG) em crian\u00e7as e adolescentes \u00e9 causada pelo rinov\u00edrus; j\u00e1 o v\u00edrus da Covid-19 predomina entre os idosos<\/p>\n","protected":false},"author":1,"featured_media":41170,"comment_status":"open","ping_status":"open","sticky":false,"template":"","format":"standard","meta":{"fifu_image_url":"","fifu_image_alt":"","footnotes":""},"categories":[51],"tags":[],"class_list":["post-41169","post","type-post","status-publish","format-standard","has-post-thumbnail","hentry","category-saude"],"distributor_meta":false,"distributor_terms":false,"distributor_media":false,"distributor_original_site_name":"Noticias em Destaque","distributor_original_site_url":"https:\/\/noticiasdestaque.com.br","push-errors":false,"_links":{"self":[{"href":"https:\/\/noticiasdestaque.com.br\/index.php\/wp-json\/wp\/v2\/posts\/41169","targetHints":{"allow":["GET"]}}],"collection":[{"href":"https:\/\/noticiasdestaque.com.br\/index.php\/wp-json\/wp\/v2\/posts"}],"about":[{"href":"https:\/\/noticiasdestaque.com.br\/index.php\/wp-json\/wp\/v2\/types\/post"}],"author":[{"embeddable":true,"href":"https:\/\/noticiasdestaque.com.br\/index.php\/wp-json\/wp\/v2\/users\/1"}],"replies":[{"embeddable":true,"href":"https:\/\/noticiasdestaque.com.br\/index.php\/wp-json\/wp\/v2\/comments?post=41169"}],"version-history":[{"count":0,"href":"https:\/\/noticiasdestaque.com.br\/index.php\/wp-json\/wp\/v2\/posts\/41169\/revisions"}],"wp:featuredmedia":[{"embeddable":true,"href":"https:\/\/noticiasdestaque.com.br\/index.php\/wp-json\/wp\/v2\/media\/41170"}],"wp:attachment":[{"href":"https:\/\/noticiasdestaque.com.br\/index.php\/wp-json\/wp\/v2\/media?parent=41169"}],"wp:term":[{"taxonomy":"category","embeddable":true,"href":"https:\/\/noticiasdestaque.com.br\/index.php\/wp-json\/wp\/v2\/categories?post=41169"},{"taxonomy":"post_tag","embeddable":true,"href":"https:\/\/noticiasdestaque.com.br\/index.php\/wp-json\/wp\/v2\/tags?post=41169"}],"curies":[{"name":"wp","href":"https:\/\/api.w.org\/{rel}","templated":true}]}}