{"id":41165,"date":"2025-01-08T21:20:00","date_gmt":"2025-01-09T00:20:00","guid":{"rendered":"https:\/\/noticiasdestaque.com.br\/index.php\/2025\/01\/08\/dr-ajuda-o-que-o-cabelo-pode-dizer-sobre-a-saude\/"},"modified":"2025-01-08T21:20:00","modified_gmt":"2025-01-09T00:20:00","slug":"dr-ajuda-o-que-o-cabelo-pode-dizer-sobre-a-saude","status":"publish","type":"post","link":"https:\/\/noticiasdestaque.com.br\/index.php\/2025\/01\/08\/dr-ajuda-o-que-o-cabelo-pode-dizer-sobre-a-saude\/","title":{"rendered":"Dr. Ajuda: o que o cabelo pode dizer sobre a sa\u00fade?"},"content":{"rendered":"<p>\t\t\t\t\t\t\t\t\t\t<audio controls class=\"b61_audio_player\" data-noticia=\"79507\" src=\"https:\/\/brasil61.com\/rails\/active_storage\/blobs\/eyJfcmFpbHMiOnsibWVzc2FnZSI6IkJBaHBBNXNsQXc9PSIsImV4cCI6bnVsbCwicHVyIjoiYmxvYl9pZCJ9fQ==--938bdb9e04dba512550cc679c7c269619c799962\/BLOG250650A\"><\/audio><\/p>\n<p>O cabelo reflete a sa\u00fade do corpo. Fios secos e quebradi\u00e7os podem indicar falta de hidrata\u00e7\u00e3o ou defici\u00eancias nutricionais, enquanto cabelos oleosos podem indicar altera\u00e7\u00f5es hormonais ou diet\u00e9ticas.<\/p>\n<p>Queda excessiva pode estar ligada ao estresse ou problemas hormonais, e cabelos finos ou ralos podem sugerir calv\u00edcie. Cabelos brancos precoces podem sinalizar defici\u00eancia de vitaminas.<\/p>\n<p>Caspa e queda de pelos em outras \u00e1reas podem indicar doen\u00e7as autoimunes, como a alopecia areata. Observe as altera\u00e7\u00f5es e, se necess\u00e1rio, consulte um dermatologista.<\/p>\n<p>Veja ao v\u00eddeo com a explica\u00e7\u00e3o do especialista:<\/p>\n<p>Tenha acesso aos conte\u00fados do Doutor Ajuda. Acesse: www.portaldoutorajuda.com.br.<\/p>\n<p>\t\t\t\t\t\t\t\t\t<img loading=\"lazy\" decoding=\"async\" src=\"https:\/\/brasil61.com\/api\/v1\/serve_pixel\/17677\/79507\" alt=\"Pixel Brasil 61\" class=\"b61_pixel\" width=\"0\" height=\"0\"><\/p>\n<input type=\"hidden\" id=\"baseurl\" value=\"https:\/\/noticiasdestaque.com.br\"><input type=\"hidden\" id=\"audio_nonce\" value=\"6a24ca502e\">","protected":false},"excerpt":{"rendered":"<p>Neste epis\u00f3dio, a Dermatologista Dra. Leila Bloch (CRM: 108.287\/ SP | RQE: 27.362) compartilha alguns sinais que o cabelo d\u00e1 quando a sa\u00fade n\u00e3o est\u00e1 bem.<\/p>\n","protected":false},"author":1,"featured_media":41166,"comment_status":"open","ping_status":"open","sticky":false,"template":"","format":"standard","meta":{"fifu_image_url":"","fifu_image_alt":"","footnotes":""},"categories":[51],"tags":[],"class_list":["post-41165","post","type-post","status-publish","format-standard","has-post-thumbnail","hentry","category-saude"],"distributor_meta":false,"distributor_terms":false,"distributor_media":false,"distributor_original_site_name":"Noticias em Destaque","distributor_original_site_url":"https:\/\/noticiasdestaque.com.br","push-errors":false,"_links":{"self":[{"href":"https:\/\/noticiasdestaque.com.br\/index.php\/wp-json\/wp\/v2\/posts\/41165","targetHints":{"allow":["GET"]}}],"collection":[{"href":"https:\/\/noticiasdestaque.com.br\/index.php\/wp-json\/wp\/v2\/posts"}],"about":[{"href":"https:\/\/noticiasdestaque.com.br\/index.php\/wp-json\/wp\/v2\/types\/post"}],"author":[{"embeddable":true,"href":"https:\/\/noticiasdestaque.com.br\/index.php\/wp-json\/wp\/v2\/users\/1"}],"replies":[{"embeddable":true,"href":"https:\/\/noticiasdestaque.com.br\/index.php\/wp-json\/wp\/v2\/comments?post=41165"}],"version-history":[{"count":0,"href":"https:\/\/noticiasdestaque.com.br\/index.php\/wp-json\/wp\/v2\/posts\/41165\/revisions"}],"wp:featuredmedia":[{"embeddable":true,"href":"https:\/\/noticiasdestaque.com.br\/index.php\/wp-json\/wp\/v2\/media\/41166"}],"wp:attachment":[{"href":"https:\/\/noticiasdestaque.com.br\/index.php\/wp-json\/wp\/v2\/media?parent=41165"}],"wp:term":[{"taxonomy":"category","embeddable":true,"href":"https:\/\/noticiasdestaque.com.br\/index.php\/wp-json\/wp\/v2\/categories?post=41165"},{"taxonomy":"post_tag","embeddable":true,"href":"https:\/\/noticiasdestaque.com.br\/index.php\/wp-json\/wp\/v2\/tags?post=41165"}],"curies":[{"name":"wp","href":"https:\/\/api.w.org\/{rel}","templated":true}]}}