{"id":41163,"date":"2025-01-09T00:02:00","date_gmt":"2025-01-09T03:02:00","guid":{"rendered":"https:\/\/noticiasdestaque.com.br\/index.php\/2025\/01\/09\/em-meio-ao-alerta-sobre-virus-respiratorios-na-china-medicos-brasileiros-se-preocupam-com-dengue-e-chikungunya\/"},"modified":"2025-01-09T00:02:00","modified_gmt":"2025-01-09T03:02:00","slug":"em-meio-ao-alerta-sobre-virus-respiratorios-na-china-medicos-brasileiros-se-preocupam-com-dengue-e-chikungunya","status":"publish","type":"post","link":"https:\/\/noticiasdestaque.com.br\/index.php\/2025\/01\/09\/em-meio-ao-alerta-sobre-virus-respiratorios-na-china-medicos-brasileiros-se-preocupam-com-dengue-e-chikungunya\/","title":{"rendered":"Em meio ao alerta sobre v\u00edrus respirat\u00f3rios na China, m\u00e9dicos brasileiros se preocupam com dengue e Chikungunya"},"content":{"rendered":"<p>\t\t\t\t\t\t\t\t\t\t<audio controls class=\"b61_audio_player\" data-noticia=\"79496\" src=\"https:\/\/brasil61.com\/rails\/active_storage\/blobs\/eyJfcmFpbHMiOnsibWVzc2FnZSI6IkJBaHBBNWdsQXc9PSIsImV4cCI6bnVsbCwicHVyIjoiYmxvYl9pZCJ9fQ==--2912ab27bc7a4e68c386cf51da6b117148b79ee0\/BRAS2513281A\"><\/audio><\/p>\n<p>Enquanto a Organiza\u00e7\u00e3o Mundial da Sa\u00fade (OMS) est\u00e1 de olho em mais um v\u00edrus respirat\u00f3rio originado na China, as autoridades m\u00e9dicas brasileiras t\u00eam outra preocupa\u00e7\u00e3o: as doen\u00e7as causadas pelo <em>Aedes aegypti <\/em>\u2014 como dengue e chikungunya. O cuidado n\u00e3o \u00e9 em v\u00e3o. Em 2024, o pa\u00eds bateu recorde de casos e de mortes por dengue.<\/p>\n<p>Segundo o Minist\u00e9rio da Sa\u00fade, at\u00e9 28 de dezembro passado foram 6,6 milh\u00f5es de casos prov\u00e1veis da doen\u00e7a e 6.022 mortes confirmadas. Outras 1.179 est\u00e3o sendo investigadas. S\u00f3 este ano, j\u00e1 s\u00e3o mais de 10 mil casos prov\u00e1veis e 10 mortes em investiga\u00e7\u00e3o. Segundo o m\u00e9dico sanitarista e professor da Universidade de Bras\u00edlia, Jonas Brant, Estados Unidos, Europa e China vivem momentos diferentes do Brasil por conta da sazonalidade, por isso a preocupa\u00e7\u00e3o maior deles neste momento \u00e9 com as doen\u00e7as respirat\u00f3rias.\u00a0<\/p>\n<p>\u201cNo caso do Hemisf\u00e9rio Sul, onde o Brasil est\u00e1 inserido, a gente tem nessa \u00e9poca do ano, o aumento de outras doen\u00e7as, como as doen\u00e7as transmitidas por vetores, as diarreias. Ent\u00e3o \u00e9 importante a gente entender que, nesse contexto, eles est\u00e3o num cen\u00e1rio preocupante, t\u00e1 aumentando l\u00e1 e tem que se organizar para enfrentar um surto de doen\u00e7a respirat\u00f3ria. No nosso caso, o risco maior agora do Brasil \u00e9 a preocupa\u00e7\u00e3o com dengue e Chikungunya\u201d, destaca o m\u00e9dico.<\/p>\n<p><a href=\"https:\/\/brasil61.com\/n\/ministerio-da-saude-monitora-surto-de-virus-respiratorio-na-china-e-reforca-medidas-de-prevencao-bras2513276\">Minist\u00e9rio da Sa\u00fade monitora surto de v\u00edrus respirat\u00f3rio na China e refor\u00e7a medidas de preven\u00e7\u00e3o<\/a><\/p>\n<h2>O que esperar para 2025<\/h2>\n<p>Diante do surto recorde de 2024, o governo federal se antecipou nas a\u00e7\u00f5es de preven\u00e7\u00e3o. Al\u00e9m da vacina\u00e7\u00e3o contra a doen\u00e7a, que cobriu jovens entre 10 e 14 anos, para o per\u00edodo sazonal 2024-2025, o Minist\u00e9rio da Sa\u00fade anunciou o investimento de mais de R$ 1,5 bilh\u00e3o na compra de mais doses da vacina. Valor que tamb\u00e9m ser\u00e1 usado para a compra de insumos laboratoriais para ampliar a testagem, medicamentos para controlar a prolifera\u00e7\u00e3o do mosquito e ainda mobiliza\u00e7\u00e3o e conscientiza\u00e7\u00e3o da popula\u00e7\u00e3o, al\u00e9m de suporte aos munic\u00edpios para custeio assistencial.\u00a0<\/p>\n<p>Para o sanitarista, o que vivemos em 2024 n\u00e3o deve se repetir esse ano. \u201cN\u00f3s tivemos um grande surto no ano passado que, esse ano, n\u00e3o deve se repetir naquelas propor\u00e7\u00f5es. Mas, sim, um surto acima do normal pode ser esperado\u201d, alerta.\u00a0<\/p>\n<p>Na primeira semana do ano, o minist\u00e9rio tamb\u00e9m divulgou uma nota t\u00e9cnica com recomenda\u00e7\u00f5es aos gestores estaduais e municipais. Como a maior parte das cidades brasileiras t\u00eam gestores novos este ano, o documento \u2014 direcionado a esses gestores \u2014 refor\u00e7a a necessidade de monitoramento constante do cen\u00e1rio epidemiol\u00f3gico, al\u00e9m da implementa\u00e7\u00e3o de medidas de controle de vetores e prepara\u00e7\u00e3o das redes de sa\u00fade j\u00e1 nos primeiros meses de 2025.<\/p>\n<p>\u201c\u00c9 um momento muito cr\u00edtico para a vigil\u00e2ncia em sa\u00fade. \u00c9 importante que essas secretarias se organizem muito r\u00e1pido para poder colocar essa estrutura em funcionamento. Detectar casos, saber onde est\u00e1 a circula\u00e7\u00e3o do v\u00edrus, para poder organizar as equipes de respostas para conter a transmiss\u00e3o. Transpar\u00eancia da informa\u00e7\u00e3o tamb\u00e9m \u00e9 muito importante, ou seja, saber onde est\u00e3o ocorrendo os casos no munic\u00edpio, em quais bairros a transmiss\u00e3o est\u00e1 maior, para que naqueles bairros a gente tenha uma organiza\u00e7\u00e3o mais forte para o enfrentamento.\u201d\u00a0<\/p>\n<p>O m\u00e9dico lembra que a mobiliza\u00e7\u00e3o da comunidade, o engajamento dos moradores e do com\u00e9rcio, al\u00e9m de todos os atores sociais s\u00e3o fundamentais para evitar um novo surto da doen\u00e7a.\u00a0<\/p>\n<h2>10 minutos contra a dengue<\/h2>\n<p>O Minist\u00e9rio da Sa\u00fade aposta no apoio da sociedade para o combate ao mosquito \u2014 j\u00e1 que a participa\u00e7\u00e3o de todos \u00e9 fundamental para a elimina\u00e7\u00e3o dos focos \u2014 que continua sendo a forma mais efetiva de evitar a doen\u00e7a.<\/p>\n<p>A campanha nacional de conscientiza\u00e7\u00e3o, lan\u00e7ada no ano passado, incentiva a popula\u00e7\u00e3o a dedicar 10 minutos por semana para fazer uma busca em casa e controlar os focos do <em>Aedes aegypti.<\/em>\u00a0<\/p>\n<p>Usar repelentes e telas mosquiteiras em portas e janelas tamb\u00e9m s\u00e3o medidas que ajudam a reduzir o n\u00famero de infec\u00e7\u00f5es pela doen\u00e7a.\u00a0<br \/>\n\u00a0<\/p>\n<p>\t\t\t\t\t\t\t\t\t<img loading=\"lazy\" decoding=\"async\" src=\"https:\/\/brasil61.com\/api\/v1\/serve_pixel\/17677\/79496\" alt=\"Pixel Brasil 61\" class=\"b61_pixel\" width=\"0\" height=\"0\"><\/p>\n<input type=\"hidden\" id=\"baseurl\" value=\"https:\/\/noticiasdestaque.com.br\"><input type=\"hidden\" id=\"audio_nonce\" value=\"6a24ca502e\">","protected":false},"excerpt":{"rendered":"<p>Autoridades de sa\u00fade recomendam refor\u00e7o das a\u00e7\u00f5es de preven\u00e7\u00e3o para evitar outro surto da doen\u00e7a, como o que matou 6.022 pessoas em 2024<\/p>\n","protected":false},"author":1,"featured_media":41164,"comment_status":"open","ping_status":"open","sticky":false,"template":"","format":"standard","meta":{"fifu_image_url":"","fifu_image_alt":"","footnotes":""},"categories":[51],"tags":[],"class_list":["post-41163","post","type-post","status-publish","format-standard","has-post-thumbnail","hentry","category-saude"],"distributor_meta":false,"distributor_terms":false,"distributor_media":false,"distributor_original_site_name":"Noticias em Destaque","distributor_original_site_url":"https:\/\/noticiasdestaque.com.br","push-errors":false,"_links":{"self":[{"href":"https:\/\/noticiasdestaque.com.br\/index.php\/wp-json\/wp\/v2\/posts\/41163","targetHints":{"allow":["GET"]}}],"collection":[{"href":"https:\/\/noticiasdestaque.com.br\/index.php\/wp-json\/wp\/v2\/posts"}],"about":[{"href":"https:\/\/noticiasdestaque.com.br\/index.php\/wp-json\/wp\/v2\/types\/post"}],"author":[{"embeddable":true,"href":"https:\/\/noticiasdestaque.com.br\/index.php\/wp-json\/wp\/v2\/users\/1"}],"replies":[{"embeddable":true,"href":"https:\/\/noticiasdestaque.com.br\/index.php\/wp-json\/wp\/v2\/comments?post=41163"}],"version-history":[{"count":0,"href":"https:\/\/noticiasdestaque.com.br\/index.php\/wp-json\/wp\/v2\/posts\/41163\/revisions"}],"wp:featuredmedia":[{"embeddable":true,"href":"https:\/\/noticiasdestaque.com.br\/index.php\/wp-json\/wp\/v2\/media\/41164"}],"wp:attachment":[{"href":"https:\/\/noticiasdestaque.com.br\/index.php\/wp-json\/wp\/v2\/media?parent=41163"}],"wp:term":[{"taxonomy":"category","embeddable":true,"href":"https:\/\/noticiasdestaque.com.br\/index.php\/wp-json\/wp\/v2\/categories?post=41163"},{"taxonomy":"post_tag","embeddable":true,"href":"https:\/\/noticiasdestaque.com.br\/index.php\/wp-json\/wp\/v2\/tags?post=41163"}],"curies":[{"name":"wp","href":"https:\/\/api.w.org\/{rel}","templated":true}]}}