{"id":41161,"date":"2025-01-08T00:04:00","date_gmt":"2025-01-08T03:04:00","guid":{"rendered":"https:\/\/noticiasdestaque.com.br\/index.php\/2025\/01\/08\/ministerio-da-saude-monitora-surto-de-virus-respiratorio-na-china-e-reforca-medidas-de-prevencao\/"},"modified":"2025-01-08T00:04:00","modified_gmt":"2025-01-08T03:04:00","slug":"ministerio-da-saude-monitora-surto-de-virus-respiratorio-na-china-e-reforca-medidas-de-prevencao","status":"publish","type":"post","link":"https:\/\/noticiasdestaque.com.br\/index.php\/2025\/01\/08\/ministerio-da-saude-monitora-surto-de-virus-respiratorio-na-china-e-reforca-medidas-de-prevencao\/","title":{"rendered":"Minist\u00e9rio da Sa\u00fade monitora surto de v\u00edrus respirat\u00f3rio na China e refor\u00e7a medidas de preven\u00e7\u00e3o"},"content":{"rendered":"<p>\t\t\t\t\t\t\t\t\t\t<audio controls class=\"b61_audio_player\" data-noticia=\"79457\" src=\"https:\/\/brasil61.com\/rails\/active_storage\/blobs\/eyJfcmFpbHMiOnsibWVzc2FnZSI6IkJBaHBBKzBrQXc9PSIsImV4cCI6bnVsbCwicHVyIjoiYmxvYl9pZCJ9fQ==--7002d3e804371bd79263b37756d226b1bf4784a4\/BRAS2513276A\"><\/audio><\/p>\n<p>Ap\u00f3s a China registrar surto de metapneumov\u00edrus humano (HMPV), que tem causado infec\u00e7\u00f5es respirat\u00f3rias \u2014 especialmente entre crian\u00e7as do pa\u00eds \u2014, o Minist\u00e9rio da Sa\u00fade est\u00e1 acompanhando a situa\u00e7\u00e3o. Apesar da aus\u00eancia de alerta internacional pela Organiza\u00e7\u00e3o Mundial da Sa\u00fade (OMS), a Pasta explica que mant\u00e9m contato com autoridades sanit\u00e1rias de diversos pa\u00edses para monitorar o cen\u00e1rio e compartilhar informa\u00e7\u00f5es.<\/p>\n<p>De acordo com o coordenador-geral de Vigil\u00e2ncia da Covid-19, Influenza e outros V\u00edrus Respirat\u00f3rios do Minist\u00e9rio da Sa\u00fade, Marcelo Gomes, dados do Centro de Controle e Preven\u00e7\u00e3o de Doen\u00e7as da China (China CDC) indicam que a intensidade das infec\u00e7\u00f5es respirat\u00f3rias registrou redu\u00e7\u00e3o. No entanto, as prov\u00edncias do norte da China t\u00eam observado crescimento nas infec\u00e7\u00f5es por HMPV, rinov\u00edrus, v\u00edrus sincicial respirat\u00f3rio (VSR) e gripe sazonal.<\/p>\n<h2>O que \u00e9 o HMPV?<\/h2>\n<p>Marina Mascarenhas Roriz Pedrosa, infectologista do Hospital Encore, de Aparecida de Goi\u00e2nia (GO), explica que o HMPV \u00e9 um v\u00edrus descoberto em 2001\u00a0e identificado no Brasil desde 2004.<\/p>\n<p>\u201cEle j\u00e1 est\u00e1 presente no nosso meio h\u00e1 um tempo. \u00c9 um v\u00edrus que causa, geralmente, um quadro respirat\u00f3rio, coriza, indisposi\u00e7\u00e3o, uma febre baixa, tosse seca, dor de garganta. Em alguns casos, ele pode ser mais grave, pode evoluir para uma insufici\u00eancia respirat\u00f3ria, causar falta de ar, desconforto respirat\u00f3rio e o paciente pode precisar de hospitaliza\u00e7\u00e3o\u201d, informa.<\/p>\n<p>A infectologista ainda informa que o HMPV \u00e9 transmitido entre pessoas por meio da secre\u00e7\u00e3o respirat\u00f3ria, como tosse e espirro.<\/p>\n<h2>Preven\u00e7\u00e3o contra infec\u00e7\u00f5es respirat\u00f3rias<\/h2>\n<p>O Minist\u00e9rio da Sa\u00fade destaca que, embora especialistas considerem baixo o risco de uma pandemia, \u00e9 \u201cimportante\u201d intensificar as medidas de preven\u00e7\u00e3o e controle de infec\u00e7\u00f5es respirat\u00f3rias.<\/p>\n<p>Segundo a Pasta, a vacina\u00e7\u00e3o contra a covid-19 e a influenza segue sendo \u201cfundamental\u201d para evitar complica\u00e7\u00f5es graves, especialmente entre idosos, gestantes, crian\u00e7as e pessoas com comorbidades.\u00a0<\/p>\n<p>Ralcyon Teixeira, infectologista do Hospital S\u00edrio-Liban\u00eas, em S\u00e3o Paulo\u00a0(SP), explica que a preven\u00e7\u00e3o contra doen\u00e7as respirat\u00f3rias segue as mesmas orienta\u00e7\u00f5es adotadas para a Covid-19 e a influenza. \u201cEvite aglomera\u00e7\u00f5es e lugares fechados, use m\u00e1scara caso esteja doente e\u00a0evite\u00a0contato com pessoas com sintomas respirat\u00f3rios. Para pacientes de maior risco, usar m\u00e1scara em locais muito movimentados\u201d, informa.<\/p>\n<p>Al\u00e9m disso, ele afirma que \u00e9 \u201cimportante\u201d manter os ambientes bem ventilados, praticar higiene frequente das m\u00e3os com \u00e1lcool em gel ou \u00e1gua e sab\u00e3o\u00a0e evitar levar as m\u00e3os \u00e0 boca e ao nariz.<\/p>\n<p>\t\t\t\t\t\t\t\t\t<img loading=\"lazy\" decoding=\"async\" src=\"https:\/\/brasil61.com\/api\/v1\/serve_pixel\/17677\/79457\" alt=\"Pixel Brasil 61\" class=\"b61_pixel\" width=\"0\" height=\"0\"><\/p>\n<input type=\"hidden\" id=\"baseurl\" value=\"https:\/\/noticiasdestaque.com.br\"><input type=\"hidden\" id=\"audio_nonce\" value=\"581f3017e1\">","protected":false},"excerpt":{"rendered":"<p>At\u00e9 o momento n\u00e3o h\u00e1 alerta internacional emitido pela Organiza\u00e7\u00e3o Mundial da Sa\u00fade (OMS). Especialistas explicam como se proteger de infec\u00e7\u00f5es respirat\u00f3rias<\/p>\n","protected":false},"author":1,"featured_media":41162,"comment_status":"open","ping_status":"open","sticky":false,"template":"","format":"standard","meta":{"fifu_image_url":"","fifu_image_alt":"","footnotes":""},"categories":[51],"tags":[],"class_list":["post-41161","post","type-post","status-publish","format-standard","has-post-thumbnail","hentry","category-saude"],"distributor_meta":false,"distributor_terms":false,"distributor_media":false,"distributor_original_site_name":"Noticias em Destaque","distributor_original_site_url":"https:\/\/noticiasdestaque.com.br","push-errors":false,"_links":{"self":[{"href":"https:\/\/noticiasdestaque.com.br\/index.php\/wp-json\/wp\/v2\/posts\/41161","targetHints":{"allow":["GET"]}}],"collection":[{"href":"https:\/\/noticiasdestaque.com.br\/index.php\/wp-json\/wp\/v2\/posts"}],"about":[{"href":"https:\/\/noticiasdestaque.com.br\/index.php\/wp-json\/wp\/v2\/types\/post"}],"author":[{"embeddable":true,"href":"https:\/\/noticiasdestaque.com.br\/index.php\/wp-json\/wp\/v2\/users\/1"}],"replies":[{"embeddable":true,"href":"https:\/\/noticiasdestaque.com.br\/index.php\/wp-json\/wp\/v2\/comments?post=41161"}],"version-history":[{"count":0,"href":"https:\/\/noticiasdestaque.com.br\/index.php\/wp-json\/wp\/v2\/posts\/41161\/revisions"}],"wp:featuredmedia":[{"embeddable":true,"href":"https:\/\/noticiasdestaque.com.br\/index.php\/wp-json\/wp\/v2\/media\/41162"}],"wp:attachment":[{"href":"https:\/\/noticiasdestaque.com.br\/index.php\/wp-json\/wp\/v2\/media?parent=41161"}],"wp:term":[{"taxonomy":"category","embeddable":true,"href":"https:\/\/noticiasdestaque.com.br\/index.php\/wp-json\/wp\/v2\/categories?post=41161"},{"taxonomy":"post_tag","embeddable":true,"href":"https:\/\/noticiasdestaque.com.br\/index.php\/wp-json\/wp\/v2\/tags?post=41161"}],"curies":[{"name":"wp","href":"https:\/\/api.w.org\/{rel}","templated":true}]}}