{"id":41143,"date":"2025-01-10T18:00:00","date_gmt":"2025-01-10T21:00:00","guid":{"rendered":"https:\/\/noticiasdestaque.com.br\/index.php\/2025\/01\/10\/previsao-do-tempo-sul-tera-ceu-com-variacao-entre-muitas-nuvens-e-pancadas-de-chuva-neste-sabado-11\/"},"modified":"2025-01-10T18:00:00","modified_gmt":"2025-01-10T21:00:00","slug":"previsao-do-tempo-sul-tera-ceu-com-variacao-entre-muitas-nuvens-e-pancadas-de-chuva-neste-sabado-11","status":"publish","type":"post","link":"https:\/\/noticiasdestaque.com.br\/index.php\/2025\/01\/10\/previsao-do-tempo-sul-tera-ceu-com-variacao-entre-muitas-nuvens-e-pancadas-de-chuva-neste-sabado-11\/","title":{"rendered":"PREVIS\u00c3O DO TEMPO: Sul ter\u00e1 c\u00e9u com varia\u00e7\u00e3o entre muitas nuvens e pancadas de chuva, neste s\u00e1bado (11)"},"content":{"rendered":"<p>\t\t\t\t\t\t\t\t\t\t<audio controls class=\"b61_audio_player\" data-noticia=\"79557\" src=\"https:\/\/brasil61.com\/rails\/active_storage\/blobs\/eyJfcmFpbHMiOnsibWVzc2FnZSI6IkJBaHBBMEFuQXc9PSIsImV4cCI6bnVsbCwicHVyIjoiYmxvYl9pZCJ9fQ==--187d09b7b8dd5d19f2142d9aca4d5f87e18bd160\/PTRS253820A\"><\/audio><\/p>\n<p>Neste s\u00e1bado (11), a Regi\u00e3o Sul do pa\u00eds ter\u00e1 c\u00e9u com varia\u00e7\u00e3o entre muitas nuvens e pancadas de chuva.<\/p>\n<p>Pela manh\u00e3, as regi\u00f5es norte e leste do Paran\u00e1 ter\u00e3o c\u00e9u com muitas nuvens, bem como a por\u00e7\u00e3o oeste\u00a0de Santa Catarina e norte e central do Rio Grande do Sul. J\u00e1 as regi\u00f5es central de Santa Catarina e sul do Paran\u00e1 ter\u00e3o c\u00e9u com muitas nuvens com pancadas de chuva e trovoadas isoladas pela manh\u00e3. Neste mesmo per\u00edodo do dia, os litorais sulistas ter\u00e3o c\u00e9u com muitas nuvens com possibilidade de chuva isolada.<\/p>\n<p>\u00c0 tarde, Santa Catarina e Paran\u00e1 devem ter muitas nuvens com pancadas de chuva isoladas. A condi\u00e7\u00e3o \u00e9 semelhante para o sudeste do Rio Grande do Sul. J\u00e1 o sul rio-grandense ter\u00e1 poucas nuvens ao longo do dia.\u00a0<\/p>\n<p>Entre as capitais, a temperatura m\u00ednima prevista \u00e9 de 14\u00b0C, em Curitiba. J\u00e1 a m\u00e1xima pode chegar a 29\u00b0C, em Porto Alegre. A umidade relativa do ar varia entre 30% e 90%.<\/p>\n<p>As informa\u00e7\u00f5es s\u00e3o do Instituto Nacional de Meteorologia. \u00a0<\/p>\n<p>\u00a0<\/p>\n<p>\u00a0<\/p>\n<p>\t\t\t\t\t\t\t\t\t<img loading=\"lazy\" decoding=\"async\" src=\"https:\/\/brasil61.com\/api\/v1\/serve_pixel\/17677\/79557\" alt=\"Pixel Brasil 61\" class=\"b61_pixel\" width=\"0\" height=\"0\"><\/p>\n<input type=\"hidden\" id=\"baseurl\" value=\"https:\/\/noticiasdestaque.com.br\"><input type=\"hidden\" id=\"audio_nonce\" value=\"6f73a554f1\">","protected":false},"excerpt":{"rendered":"<p>Somente o sul do RS ter\u00e1 poucas nuvens<\/p>\n","protected":false},"author":1,"featured_media":41144,"comment_status":"open","ping_status":"open","sticky":false,"template":"","format":"standard","meta":{"fifu_image_url":"","fifu_image_alt":"","footnotes":""},"categories":[58],"tags":[],"class_list":["post-41143","post","type-post","status-publish","format-standard","has-post-thumbnail","hentry","category-cotidiano"],"distributor_meta":false,"distributor_terms":false,"distributor_media":false,"distributor_original_site_name":"Noticias em Destaque","distributor_original_site_url":"https:\/\/noticiasdestaque.com.br","push-errors":false,"_links":{"self":[{"href":"https:\/\/noticiasdestaque.com.br\/index.php\/wp-json\/wp\/v2\/posts\/41143","targetHints":{"allow":["GET"]}}],"collection":[{"href":"https:\/\/noticiasdestaque.com.br\/index.php\/wp-json\/wp\/v2\/posts"}],"about":[{"href":"https:\/\/noticiasdestaque.com.br\/index.php\/wp-json\/wp\/v2\/types\/post"}],"author":[{"embeddable":true,"href":"https:\/\/noticiasdestaque.com.br\/index.php\/wp-json\/wp\/v2\/users\/1"}],"replies":[{"embeddable":true,"href":"https:\/\/noticiasdestaque.com.br\/index.php\/wp-json\/wp\/v2\/comments?post=41143"}],"version-history":[{"count":0,"href":"https:\/\/noticiasdestaque.com.br\/index.php\/wp-json\/wp\/v2\/posts\/41143\/revisions"}],"wp:featuredmedia":[{"embeddable":true,"href":"https:\/\/noticiasdestaque.com.br\/index.php\/wp-json\/wp\/v2\/media\/41144"}],"wp:attachment":[{"href":"https:\/\/noticiasdestaque.com.br\/index.php\/wp-json\/wp\/v2\/media?parent=41143"}],"wp:term":[{"taxonomy":"category","embeddable":true,"href":"https:\/\/noticiasdestaque.com.br\/index.php\/wp-json\/wp\/v2\/categories?post=41143"},{"taxonomy":"post_tag","embeddable":true,"href":"https:\/\/noticiasdestaque.com.br\/index.php\/wp-json\/wp\/v2\/tags?post=41143"}],"curies":[{"name":"wp","href":"https:\/\/api.w.org\/{rel}","templated":true}]}}