{"id":41129,"date":"2025-01-08T18:00:00","date_gmt":"2025-01-08T21:00:00","guid":{"rendered":"https:\/\/noticiasdestaque.com.br\/index.php\/2025\/01\/08\/previsao-do-tempo-norte-tera-chuva-em-quase-todo-o-territorio-nesta-quinta-feira-9\/"},"modified":"2025-01-08T18:00:00","modified_gmt":"2025-01-08T21:00:00","slug":"previsao-do-tempo-norte-tera-chuva-em-quase-todo-o-territorio-nesta-quinta-feira-9","status":"publish","type":"post","link":"https:\/\/noticiasdestaque.com.br\/index.php\/2025\/01\/08\/previsao-do-tempo-norte-tera-chuva-em-quase-todo-o-territorio-nesta-quinta-feira-9\/","title":{"rendered":"PREVIS\u00c3O DO TEMPO: Norte ter\u00e1 chuva em quase todo o territ\u00f3rio, nesta quinta-feira (9)"},"content":{"rendered":"<p>\t\t\t\t\t\t\t\t\t\t<audio controls class=\"b61_audio_player\" data-noticia=\"79494\" src=\"https:\/\/brasil61.com\/rails\/active_storage\/blobs\/eyJfcmFpbHMiOnsibWVzc2FnZSI6IkJBaHBBNG9sQXc9PSIsImV4cCI6bnVsbCwicHVyIjoiYmxvYl9pZCJ9fQ==--7d14a9e96cf187f92a38ce8825f09212e01fb679\/PTRN254301A\"><\/audio><\/p>\n<p>A Regi\u00e3o Norte ter\u00e1 pancadas de chuva e trovoadas isoladas em quase todo o territ\u00f3rio, ao longo desta\u00a0quinta-feira (9).<\/p>\n<p>Para todos os estados da regi\u00e3o, exceto Roraima e Acre, h\u00e1 alerta de chuvas intensas com grau de severidade de perigo potencial pela manh\u00e3.<\/p>\n<p>Acre ter\u00e1 c\u00e9u com muitas nuvens com chuva isolada.<\/p>\n<p>J\u00e1 Roraima deve ter c\u00e9u com muitas nuvens ao longo do dia.<\/p>\n<p>Tocantins, Amazonas e Amap\u00e1 ter\u00e3o c\u00e9u com muitas nuvens com pancadas de chuva isoladas.\u00a0<\/p>\n<p>Segundo o Inmet, para janeiro a previs\u00e3o indica que em \u00e1reas pontuais do Amazonas e do Amap\u00e1 s\u00e3o previstas temperaturas pr\u00f3ximas ou ligeiramente abaixo da m\u00e9dia, por conta da ocorr\u00eancia de dias consecutivos com chuva que podem amenizar a temperatura.<\/p>\n<p>A temperatura m\u00ednima prevista \u00e9 de 23\u00b0C, em Rio Branco, Bel\u00e9m e Palmas. J\u00e1 a m\u00e1xima pode chegar a 38\u00b0C, em Boa Vista. A umidade relativa do ar varia entre 50% e 97%.<\/p>\n<p>As informa\u00e7\u00f5es s\u00e3o do Instituto Nacional de Meteorologia. \u00a0<\/p>\n<p>\u00a0<\/p>\n<p>\t\t\t\t\t\t\t\t\t<img loading=\"lazy\" decoding=\"async\" src=\"https:\/\/brasil61.com\/api\/v1\/serve_pixel\/17677\/79494\" alt=\"Pixel Brasil 61\" class=\"b61_pixel\" width=\"0\" height=\"0\"><\/p>\n<input type=\"hidden\" id=\"baseurl\" value=\"https:\/\/noticiasdestaque.com.br\"><input type=\"hidden\" id=\"audio_nonce\" value=\"6a24ca502e\">","protected":false},"excerpt":{"rendered":"<p>Para todos os estados da regi\u00e3o, exceto Roraima e Acre, h\u00e1 alerta de chuvas intensas com grau de severidade de perigo potencial pela manh\u00e3<\/p>\n","protected":false},"author":1,"featured_media":41130,"comment_status":"open","ping_status":"open","sticky":false,"template":"","format":"standard","meta":{"fifu_image_url":"","fifu_image_alt":"","footnotes":""},"categories":[58],"tags":[],"class_list":["post-41129","post","type-post","status-publish","format-standard","has-post-thumbnail","hentry","category-cotidiano"],"distributor_meta":false,"distributor_terms":false,"distributor_media":false,"distributor_original_site_name":"Noticias em Destaque","distributor_original_site_url":"https:\/\/noticiasdestaque.com.br","push-errors":false,"_links":{"self":[{"href":"https:\/\/noticiasdestaque.com.br\/index.php\/wp-json\/wp\/v2\/posts\/41129","targetHints":{"allow":["GET"]}}],"collection":[{"href":"https:\/\/noticiasdestaque.com.br\/index.php\/wp-json\/wp\/v2\/posts"}],"about":[{"href":"https:\/\/noticiasdestaque.com.br\/index.php\/wp-json\/wp\/v2\/types\/post"}],"author":[{"embeddable":true,"href":"https:\/\/noticiasdestaque.com.br\/index.php\/wp-json\/wp\/v2\/users\/1"}],"replies":[{"embeddable":true,"href":"https:\/\/noticiasdestaque.com.br\/index.php\/wp-json\/wp\/v2\/comments?post=41129"}],"version-history":[{"count":0,"href":"https:\/\/noticiasdestaque.com.br\/index.php\/wp-json\/wp\/v2\/posts\/41129\/revisions"}],"wp:featuredmedia":[{"embeddable":true,"href":"https:\/\/noticiasdestaque.com.br\/index.php\/wp-json\/wp\/v2\/media\/41130"}],"wp:attachment":[{"href":"https:\/\/noticiasdestaque.com.br\/index.php\/wp-json\/wp\/v2\/media?parent=41129"}],"wp:term":[{"taxonomy":"category","embeddable":true,"href":"https:\/\/noticiasdestaque.com.br\/index.php\/wp-json\/wp\/v2\/categories?post=41129"},{"taxonomy":"post_tag","embeddable":true,"href":"https:\/\/noticiasdestaque.com.br\/index.php\/wp-json\/wp\/v2\/tags?post=41129"}],"curies":[{"name":"wp","href":"https:\/\/api.w.org\/{rel}","templated":true}]}}