{"id":41125,"date":"2025-01-08T18:00:00","date_gmt":"2025-01-08T21:00:00","guid":{"rendered":"https:\/\/noticiasdestaque.com.br\/index.php\/2025\/01\/08\/previsao-do-tempo-sudeste-tera-chuvas-isoladas-e-ceu-nublado-em-boa-parte-da-regiao-nesta-quinta-feira-9\/"},"modified":"2025-01-08T18:00:00","modified_gmt":"2025-01-08T21:00:00","slug":"previsao-do-tempo-sudeste-tera-chuvas-isoladas-e-ceu-nublado-em-boa-parte-da-regiao-nesta-quinta-feira-9","status":"publish","type":"post","link":"https:\/\/noticiasdestaque.com.br\/index.php\/2025\/01\/08\/previsao-do-tempo-sudeste-tera-chuvas-isoladas-e-ceu-nublado-em-boa-parte-da-regiao-nesta-quinta-feira-9\/","title":{"rendered":"PREVIS\u00c3O DO TEMPO: Sudeste ter\u00e1 chuvas isoladas e c\u00e9u nublado em boa parte da regi\u00e3o, nesta quinta-feira (9)"},"content":{"rendered":"<p>\t\t\t\t\t\t\t\t\t\t<audio controls class=\"b61_audio_player\" data-noticia=\"79492\" src=\"https:\/\/brasil61.com\/rails\/active_storage\/blobs\/eyJfcmFpbHMiOnsibWVzc2FnZSI6IkJBaHBBNDBsQXc9PSIsImV4cCI6bnVsbCwicHVyIjoiYmxvYl9pZCJ9fQ==--f8f4648ca04f6687e06e1a9014abf98be46fce01\/PTSD253936B\"><\/audio><\/p>\n<p>A Regi\u00e3o Sudeste do pa\u00eds ter\u00e1 chuvas isoladas e c\u00e9u nublado em boa parte do territ\u00f3rio, nesta quinta-feira (9).<\/p>\n<p>H\u00e1 alerta de acumulado de chuva com grau de severidade de grande perigo pela manh\u00e3 para \u00e1reas de Minas Gerais e do Esp\u00edrito Santo. As regi\u00f5es afetadas ser\u00e3o:\u00a0Central, noroeste, Litoral Norte Esp\u00edrito-santense, Vale do Rio Doce,\u00a0Vale do Mucuri, Jequitinhonha, Norte de Minas e\u00a0Metropolitana de Belo Horizonte. H\u00e1 alto risco de grandes alagamentos e transbordamentos de rios, al\u00e9m de deslizamentos de encostas, em cidades nestas regi\u00f5es.<\/p>\n<p>Para o Rio de Janeiro, exceto a regi\u00e3o litor\u00e2nea, h\u00e1 alerta de chuvas intensas com grau de severidade de perigo, que se estende para o sul de Minas. A chuva pode ter at\u00e9\u00a0100 mm.<\/p>\n<p>S\u00e3o Paulo ter\u00e1 c\u00e9u variando entre muitas nuvens com pancadas de chuva isoladas ao litoral e no norte do estado. H\u00e1 tamb\u00e9m alerta de chuvas intensas pela manh\u00e3\u00a0 nas regi\u00f5es do Vale do Para\u00edba Paulista,\u00a0Macro Metropolitana Paulista, Piracicaba,\u00a0S\u00e3o Jos\u00e9 do Rio Preto e Bauru.<\/p>\n<p>As informa\u00e7\u00f5es s\u00e3o do Instituto Nacional de Meteorologia. \u00a0<br \/>\n\u00a0<\/p>\n<p>\t\t\t\t\t\t\t\t\t<img loading=\"lazy\" decoding=\"async\" src=\"https:\/\/brasil61.com\/api\/v1\/serve_pixel\/17677\/79492\" alt=\"Pixel Brasil 61\" class=\"b61_pixel\" width=\"0\" height=\"0\"><\/p>\n<input type=\"hidden\" id=\"baseurl\" value=\"https:\/\/noticiasdestaque.com.br\"><input type=\"hidden\" id=\"audio_nonce\" value=\"6a24ca502e\">","protected":false},"excerpt":{"rendered":"<p> H\u00e1 alerta de acumulado de chuva de grande perigo para ES e parte de MG<\/p>\n","protected":false},"author":1,"featured_media":41126,"comment_status":"open","ping_status":"open","sticky":false,"template":"","format":"standard","meta":{"fifu_image_url":"","fifu_image_alt":"","footnotes":""},"categories":[58],"tags":[],"class_list":["post-41125","post","type-post","status-publish","format-standard","has-post-thumbnail","hentry","category-cotidiano"],"distributor_meta":false,"distributor_terms":false,"distributor_media":false,"distributor_original_site_name":"Noticias em Destaque","distributor_original_site_url":"https:\/\/noticiasdestaque.com.br","push-errors":false,"_links":{"self":[{"href":"https:\/\/noticiasdestaque.com.br\/index.php\/wp-json\/wp\/v2\/posts\/41125","targetHints":{"allow":["GET"]}}],"collection":[{"href":"https:\/\/noticiasdestaque.com.br\/index.php\/wp-json\/wp\/v2\/posts"}],"about":[{"href":"https:\/\/noticiasdestaque.com.br\/index.php\/wp-json\/wp\/v2\/types\/post"}],"author":[{"embeddable":true,"href":"https:\/\/noticiasdestaque.com.br\/index.php\/wp-json\/wp\/v2\/users\/1"}],"replies":[{"embeddable":true,"href":"https:\/\/noticiasdestaque.com.br\/index.php\/wp-json\/wp\/v2\/comments?post=41125"}],"version-history":[{"count":0,"href":"https:\/\/noticiasdestaque.com.br\/index.php\/wp-json\/wp\/v2\/posts\/41125\/revisions"}],"wp:featuredmedia":[{"embeddable":true,"href":"https:\/\/noticiasdestaque.com.br\/index.php\/wp-json\/wp\/v2\/media\/41126"}],"wp:attachment":[{"href":"https:\/\/noticiasdestaque.com.br\/index.php\/wp-json\/wp\/v2\/media?parent=41125"}],"wp:term":[{"taxonomy":"category","embeddable":true,"href":"https:\/\/noticiasdestaque.com.br\/index.php\/wp-json\/wp\/v2\/categories?post=41125"},{"taxonomy":"post_tag","embeddable":true,"href":"https:\/\/noticiasdestaque.com.br\/index.php\/wp-json\/wp\/v2\/tags?post=41125"}],"curies":[{"name":"wp","href":"https:\/\/api.w.org\/{rel}","templated":true}]}}