{"id":41123,"date":"2025-01-08T18:00:00","date_gmt":"2025-01-08T21:00:00","guid":{"rendered":"https:\/\/noticiasdestaque.com.br\/index.php\/2025\/01\/08\/previsao-do-tempo-sul-tera-ceu-com-variacao-entre-poucas-e-muitas-nuvens-nesta-quinta-feira-9\/"},"modified":"2025-01-08T18:00:00","modified_gmt":"2025-01-08T21:00:00","slug":"previsao-do-tempo-sul-tera-ceu-com-variacao-entre-poucas-e-muitas-nuvens-nesta-quinta-feira-9","status":"publish","type":"post","link":"https:\/\/noticiasdestaque.com.br\/index.php\/2025\/01\/08\/previsao-do-tempo-sul-tera-ceu-com-variacao-entre-poucas-e-muitas-nuvens-nesta-quinta-feira-9\/","title":{"rendered":"PREVIS\u00c3O DO TEMPO: Sul ter\u00e1 c\u00e9u com varia\u00e7\u00e3o entre poucas e muitas nuvens, nesta quinta-feira (9)"},"content":{"rendered":"<p>\t\t\t\t\t\t\t\t\t\t<audio controls class=\"b61_audio_player\" data-noticia=\"79491\" src=\"https:\/\/brasil61.com\/rails\/active_storage\/blobs\/eyJfcmFpbHMiOnsibWVzc2FnZSI6IkJBaHBBNDRsQXc9PSIsImV4cCI6bnVsbCwicHVyIjoiYmxvYl9pZCJ9fQ==--0d2c959635ad99a57c4939104586561e3611906c\/PTRS253818A\"><\/audio><\/p>\n<p>Nesta quinta-feira (9), a Regi\u00e3o Sul do pa\u00eds ter\u00e1 c\u00e9u com varia\u00e7\u00e3o entre poucas e muitas nuvens.<\/p>\n<p>Pela manh\u00e3, h\u00e1 alerta para acumulado de chuva no norte catarinense e no litoral do PR.\u00a0O estado paranaense ter\u00e1 muitas nuvens ao longo de todo o dia. \u00c0 tarde, o litoral ter\u00e1 muitas nuvens com possibilidade de chuva isolada.\u00a0<\/p>\n<p>J\u00e1 para toda a extens\u00e3o de Santa Catarina o c\u00e9u ter\u00e1 muitas nuvens, com exce\u00e7\u00e3o do sul do estado.<\/p>\n<p>Rio Grande do Sul ter\u00e1 c\u00e9u predominantemente com poucas nuvens ao longo do dia.\u00a0<\/p>\n<p>Entre as capitais, a temperatura m\u00ednima prevista \u00e9 de 15\u00b0C, em Curitiba. J\u00e1 a m\u00e1xima pode chegar a 25\u00b0C, em Porto Alegre. A umidade relativa do ar varia entre 40% e 95%.<\/p>\n<p>As informa\u00e7\u00f5es s\u00e3o do Instituto Nacional de Meteorologia. \u00a0<\/p>\n<p>\u00a0<\/p>\n<p>\t\t\t\t\t\t\t\t\t<img loading=\"lazy\" decoding=\"async\" src=\"https:\/\/brasil61.com\/api\/v1\/serve_pixel\/17677\/79491\" alt=\"Pixel Brasil 61\" class=\"b61_pixel\" width=\"0\" height=\"0\"><\/p>\n<input type=\"hidden\" id=\"baseurl\" value=\"https:\/\/noticiasdestaque.com.br\"><input type=\"hidden\" id=\"audio_nonce\" value=\"6a24ca502e\">","protected":false},"excerpt":{"rendered":"<p>Pela manh\u00e3, h\u00e1 alerta para acumulado de chuva no norte catarinense e no litoral do PR<\/p>\n","protected":false},"author":1,"featured_media":41124,"comment_status":"open","ping_status":"open","sticky":false,"template":"","format":"standard","meta":{"fifu_image_url":"","fifu_image_alt":"","footnotes":""},"categories":[58],"tags":[],"class_list":["post-41123","post","type-post","status-publish","format-standard","has-post-thumbnail","hentry","category-cotidiano"],"distributor_meta":false,"distributor_terms":false,"distributor_media":false,"distributor_original_site_name":"Noticias em Destaque","distributor_original_site_url":"https:\/\/noticiasdestaque.com.br","push-errors":false,"_links":{"self":[{"href":"https:\/\/noticiasdestaque.com.br\/index.php\/wp-json\/wp\/v2\/posts\/41123","targetHints":{"allow":["GET"]}}],"collection":[{"href":"https:\/\/noticiasdestaque.com.br\/index.php\/wp-json\/wp\/v2\/posts"}],"about":[{"href":"https:\/\/noticiasdestaque.com.br\/index.php\/wp-json\/wp\/v2\/types\/post"}],"author":[{"embeddable":true,"href":"https:\/\/noticiasdestaque.com.br\/index.php\/wp-json\/wp\/v2\/users\/1"}],"replies":[{"embeddable":true,"href":"https:\/\/noticiasdestaque.com.br\/index.php\/wp-json\/wp\/v2\/comments?post=41123"}],"version-history":[{"count":0,"href":"https:\/\/noticiasdestaque.com.br\/index.php\/wp-json\/wp\/v2\/posts\/41123\/revisions"}],"wp:featuredmedia":[{"embeddable":true,"href":"https:\/\/noticiasdestaque.com.br\/index.php\/wp-json\/wp\/v2\/media\/41124"}],"wp:attachment":[{"href":"https:\/\/noticiasdestaque.com.br\/index.php\/wp-json\/wp\/v2\/media?parent=41123"}],"wp:term":[{"taxonomy":"category","embeddable":true,"href":"https:\/\/noticiasdestaque.com.br\/index.php\/wp-json\/wp\/v2\/categories?post=41123"},{"taxonomy":"post_tag","embeddable":true,"href":"https:\/\/noticiasdestaque.com.br\/index.php\/wp-json\/wp\/v2\/tags?post=41123"}],"curies":[{"name":"wp","href":"https:\/\/api.w.org\/{rel}","templated":true}]}}