{"id":41121,"date":"2025-01-07T18:00:00","date_gmt":"2025-01-07T21:00:00","guid":{"rendered":"https:\/\/noticiasdestaque.com.br\/index.php\/2025\/01\/07\/previsao-do-tempo-sol-predomina-nesta-quarta-no-sul-do-pais\/"},"modified":"2025-01-07T18:00:00","modified_gmt":"2025-01-07T21:00:00","slug":"previsao-do-tempo-sol-predomina-nesta-quarta-no-sul-do-pais","status":"publish","type":"post","link":"https:\/\/noticiasdestaque.com.br\/index.php\/2025\/01\/07\/previsao-do-tempo-sol-predomina-nesta-quarta-no-sul-do-pais\/","title":{"rendered":"PREVIS\u00c3O DO TEMPO: Sol predomina nesta quarta no sul do pa\u00eds"},"content":{"rendered":"<p>\t\t\t\t\t\t\t\t\t\t<audio controls class=\"b61_audio_player\" data-noticia=\"79453\" src=\"https:\/\/brasil61.com\/rails\/active_storage\/blobs\/eyJfcmFpbHMiOnsibWVzc2FnZSI6IkJBaHBBOVFrQXc9PSIsImV4cCI6bnVsbCwicHVyIjoiYmxvYl9pZCJ9fQ==--457113d80a6a596855c56fb729dea9d59a05b24e\/PTRS253817A\"><\/audio><\/p>\n<p>O Rio Grande do Sul ter\u00e1 uma quarta-feira de sol, segundo previs\u00e3o do Inmet. Em todas as regi\u00f5es do estado, do litoral \u00e0 serra, o sol aparece com poucas nuvens deixando o tempo firme. As m\u00e1ximas previstas ficam em torno dos 30\u00baC.<\/p>\n<p>\u00c0 medida que avan\u00e7amos para o norte da regi\u00e3o, aumenta a nebulosidade, sobretudo \u00e0 tarde. Em Santa Catarina a previs\u00e3o \u00e9 de sol entre nuvens no leste do estado, incluindo o litoral. A capital Floripa ter\u00e1 um dia de sol entre nuvens e pode chover, a m\u00e1xima n\u00e3o deve passar dos 25\u00baC.\u00a0<\/p>\n<p>No Paran\u00e1 a nebulosidade tamb\u00e9m ser\u00e1 maior \u00e0 tarde, principalmente no centro-leste do estado e litoral. Em Paranagu\u00e1, cidade litor\u00e2nea e portu\u00e1ria, as temperaturas ficam entre 19\u00baC e 25\u00baC com chance de chuva a qualquer hora do dia. J\u00e1 na capital, Curitiba, a m\u00ednima cai ainda mais, 17\u00baC.\u00a0<\/p>\n<p>As informa\u00e7\u00f5es s\u00e3o do Inmet<\/p>\n<p>\u00a0<br \/>\n\u00a0<\/p>\n<p>\t\t\t\t\t\t\t\t\t<img loading=\"lazy\" decoding=\"async\" src=\"https:\/\/brasil61.com\/api\/v1\/serve_pixel\/17677\/79453\" alt=\"Pixel Brasil 61\" class=\"b61_pixel\" width=\"0\" height=\"0\"><\/p>\n<input type=\"hidden\" id=\"baseurl\" value=\"https:\/\/noticiasdestaque.com.br\"><input type=\"hidden\" id=\"audio_nonce\" value=\"9fd43fe80e\">","protected":false},"excerpt":{"rendered":"<p>Litorais catarinense e paranaense t\u00eam previs\u00e3o de chuvas isoladas <\/p>\n","protected":false},"author":1,"featured_media":41122,"comment_status":"open","ping_status":"open","sticky":false,"template":"","format":"standard","meta":{"fifu_image_url":"","fifu_image_alt":"","footnotes":""},"categories":[58],"tags":[],"class_list":["post-41121","post","type-post","status-publish","format-standard","has-post-thumbnail","hentry","category-cotidiano"],"distributor_meta":false,"distributor_terms":false,"distributor_media":false,"distributor_original_site_name":"Noticias em Destaque","distributor_original_site_url":"https:\/\/noticiasdestaque.com.br","push-errors":false,"_links":{"self":[{"href":"https:\/\/noticiasdestaque.com.br\/index.php\/wp-json\/wp\/v2\/posts\/41121","targetHints":{"allow":["GET"]}}],"collection":[{"href":"https:\/\/noticiasdestaque.com.br\/index.php\/wp-json\/wp\/v2\/posts"}],"about":[{"href":"https:\/\/noticiasdestaque.com.br\/index.php\/wp-json\/wp\/v2\/types\/post"}],"author":[{"embeddable":true,"href":"https:\/\/noticiasdestaque.com.br\/index.php\/wp-json\/wp\/v2\/users\/1"}],"replies":[{"embeddable":true,"href":"https:\/\/noticiasdestaque.com.br\/index.php\/wp-json\/wp\/v2\/comments?post=41121"}],"version-history":[{"count":0,"href":"https:\/\/noticiasdestaque.com.br\/index.php\/wp-json\/wp\/v2\/posts\/41121\/revisions"}],"wp:featuredmedia":[{"embeddable":true,"href":"https:\/\/noticiasdestaque.com.br\/index.php\/wp-json\/wp\/v2\/media\/41122"}],"wp:attachment":[{"href":"https:\/\/noticiasdestaque.com.br\/index.php\/wp-json\/wp\/v2\/media?parent=41121"}],"wp:term":[{"taxonomy":"category","embeddable":true,"href":"https:\/\/noticiasdestaque.com.br\/index.php\/wp-json\/wp\/v2\/categories?post=41121"},{"taxonomy":"post_tag","embeddable":true,"href":"https:\/\/noticiasdestaque.com.br\/index.php\/wp-json\/wp\/v2\/tags?post=41121"}],"curies":[{"name":"wp","href":"https:\/\/api.w.org\/{rel}","templated":true}]}}