{"id":41119,"date":"2025-01-07T18:00:00","date_gmt":"2025-01-07T21:00:00","guid":{"rendered":"https:\/\/noticiasdestaque.com.br\/index.php\/2025\/01\/07\/previsao-do-tempo-sudeste-com-previsao-de-chuvas-intensas-nesta-quarta\/"},"modified":"2025-01-07T18:00:00","modified_gmt":"2025-01-07T21:00:00","slug":"previsao-do-tempo-sudeste-com-previsao-de-chuvas-intensas-nesta-quarta","status":"publish","type":"post","link":"https:\/\/noticiasdestaque.com.br\/index.php\/2025\/01\/07\/previsao-do-tempo-sudeste-com-previsao-de-chuvas-intensas-nesta-quarta\/","title":{"rendered":"PREVIS\u00c3O DO TEMPO: Sudeste com previs\u00e3o de chuvas intensas nesta quarta"},"content":{"rendered":"<p>\t\t\t\t\t\t\t\t\t\t<audio controls class=\"b61_audio_player\" data-noticia=\"79452\" src=\"https:\/\/brasil61.com\/rails\/active_storage\/blobs\/eyJfcmFpbHMiOnsibWVzc2FnZSI6IkJBaHBBOVVrQXc9PSIsImV4cCI6bnVsbCwicHVyIjoiYmxvYl9pZCJ9fQ==--e328594fdb93e9cc782c07599fe98ddbe90a7f32\/PTSD253935A\"><\/audio><\/p>\n<p>Mais um dia de chuva prevista para a Regi\u00e3o Sudeste O Inmet emitiu mais uma vez um alerta para perigo potencial de aumento de volume nos estados de Minas, Rio de Janeiro e Esp\u00edrito Santo. \u00a0<\/p>\n<p>S\u00e3o esperadas pancadas de chuva e trovoadas isoladas mais concentradas no norte de Minas e do Esp\u00edrito Santo, inclusive nas capitais, BH e Vit\u00f3ria. A capital mineira ter\u00e1 uma baixa na temperatura m\u00e1xima, que n\u00e3o deve passar dos 27\u00baC. J\u00e1 a capixaba ter\u00e1 calor, m\u00e1xima de 33\u00baC.<\/p>\n<p>No Rio de Janeiro faz sol entre nuvens com chance de chover forte \u00e0 tarde. O\u00a0calor d\u00e1 uma tr\u00e9gua e as temperaturas ficam entre 21\u00baC e 29\u00baC. Na capital paulista tamb\u00e9m tem chance de chover, mas em menor volume e com temperaturas mais amenas, para o ver\u00e3o, m\u00e1xima de 26\u00baC.\u00a0<\/p>\n<p>As informa\u00e7\u00f5es s\u00e3o do Inmet.<\/p>\n<p>\n\u00a0<\/p>\n<p>\t\t\t\t\t\t\t\t\t<img loading=\"lazy\" decoding=\"async\" src=\"https:\/\/brasil61.com\/api\/v1\/serve_pixel\/17677\/79452\" alt=\"Pixel Brasil 61\" class=\"b61_pixel\" width=\"0\" height=\"0\"><\/p>\n<input type=\"hidden\" id=\"baseurl\" value=\"https:\/\/noticiasdestaque.com.br\"><input type=\"hidden\" id=\"audio_nonce\" value=\"9fd43fe80e\">","protected":false},"excerpt":{"rendered":"<p>Alerta de perigo potencial para chuvas intensas cobre todos os estados do sudeste, com exce\u00e7\u00e3o de S\u00e3o Paulo<\/p>\n","protected":false},"author":1,"featured_media":41120,"comment_status":"open","ping_status":"open","sticky":false,"template":"","format":"standard","meta":{"fifu_image_url":"","fifu_image_alt":"","footnotes":""},"categories":[58],"tags":[],"class_list":["post-41119","post","type-post","status-publish","format-standard","has-post-thumbnail","hentry","category-cotidiano"],"distributor_meta":false,"distributor_terms":false,"distributor_media":false,"distributor_original_site_name":"Noticias em Destaque","distributor_original_site_url":"https:\/\/noticiasdestaque.com.br","push-errors":false,"_links":{"self":[{"href":"https:\/\/noticiasdestaque.com.br\/index.php\/wp-json\/wp\/v2\/posts\/41119","targetHints":{"allow":["GET"]}}],"collection":[{"href":"https:\/\/noticiasdestaque.com.br\/index.php\/wp-json\/wp\/v2\/posts"}],"about":[{"href":"https:\/\/noticiasdestaque.com.br\/index.php\/wp-json\/wp\/v2\/types\/post"}],"author":[{"embeddable":true,"href":"https:\/\/noticiasdestaque.com.br\/index.php\/wp-json\/wp\/v2\/users\/1"}],"replies":[{"embeddable":true,"href":"https:\/\/noticiasdestaque.com.br\/index.php\/wp-json\/wp\/v2\/comments?post=41119"}],"version-history":[{"count":0,"href":"https:\/\/noticiasdestaque.com.br\/index.php\/wp-json\/wp\/v2\/posts\/41119\/revisions"}],"wp:featuredmedia":[{"embeddable":true,"href":"https:\/\/noticiasdestaque.com.br\/index.php\/wp-json\/wp\/v2\/media\/41120"}],"wp:attachment":[{"href":"https:\/\/noticiasdestaque.com.br\/index.php\/wp-json\/wp\/v2\/media?parent=41119"}],"wp:term":[{"taxonomy":"category","embeddable":true,"href":"https:\/\/noticiasdestaque.com.br\/index.php\/wp-json\/wp\/v2\/categories?post=41119"},{"taxonomy":"post_tag","embeddable":true,"href":"https:\/\/noticiasdestaque.com.br\/index.php\/wp-json\/wp\/v2\/tags?post=41119"}],"curies":[{"name":"wp","href":"https:\/\/api.w.org\/{rel}","templated":true}]}}