{"id":41097,"date":"2025-01-09T19:10:00","date_gmt":"2025-01-09T22:10:00","guid":{"rendered":"https:\/\/noticiasdestaque.com.br\/index.php\/2025\/01\/09\/ministerio-das-comunicacoes-lanca-edital-para-novos-canais-de-tv-e-tres-cidades-de-pernambuco-podem-ser-beneficiadas\/"},"modified":"2025-01-09T19:10:00","modified_gmt":"2025-01-09T22:10:00","slug":"ministerio-das-comunicacoes-lanca-edital-para-novos-canais-de-tv-e-tres-cidades-de-pernambuco-podem-ser-beneficiadas","status":"publish","type":"post","link":"https:\/\/noticiasdestaque.com.br\/index.php\/2025\/01\/09\/ministerio-das-comunicacoes-lanca-edital-para-novos-canais-de-tv-e-tres-cidades-de-pernambuco-podem-ser-beneficiadas\/","title":{"rendered":"Minist\u00e9rio das Comunica\u00e7\u00f5es lan\u00e7a edital para novos canais de TV e tr\u00eas cidades de Pernambuco podem ser beneficiadas"},"content":{"rendered":"<p>\t\t\t\t\t\t\t\t\t\t<audio controls class=\"b61_audio_player\" data-noticia=\"79539\" src=\"https:\/\/brasil61.com\/rails\/active_storage\/blobs\/eyJfcmFpbHMiOnsibWVzc2FnZSI6IkJBaHBBMEltQXc9PSIsImV4cCI6bnVsbCwicHVyIjoiYmxvYl9pZCJ9fQ==--898fbfd1bbcfa8ac8dd1a72107eb9852fc760b7e\/MCOM250069A\"><\/audio><\/p>\n<p>O Minist\u00e9rio das Comunica\u00e7\u00f5es abriu um edital para levar 227 novos canais de TV Digital para 189 cidades brasileiras de todas as regi\u00f5es do pa\u00eds.\u00a0<\/p>\n<p>Em Pernambuco, podem ser beneficiados moradores de Caruaru, Pesqueira e Petrolina.<\/p>\n<p>Os interessados devem se cadastrar at\u00e9 31 de janeiro por meio do <a href=\"http:\/\/www.gov.br\/mcom\/pt-br\/assuntos\/radio-e-tv-aberta\/pno_rtv\">site <\/a>do Minist\u00e9rio das Comunica\u00e7\u00f5es, o gov.br\/mcom.\u00a0<\/p>\n<p>A lista dos munic\u00edpios contemplados tamb\u00e9m pode ser acessada no portal.<\/p>\n<p>A iniciativa do Minist\u00e9rio das Comunica\u00e7\u00f5es dar\u00e1 mais op\u00e7\u00f5es de acesso \u00e0 informa\u00e7\u00e3o, cultura e entretenimento aos moradores dessas localidades.\u00a0<\/p>\n<p>O diretor do Departamento de Radiodifus\u00e3o Privada do Minist\u00e9rio das Comunica\u00e7\u00f5es, Nelson Neto, refor\u00e7a o compromisso da Pasta em levar sinais de TV Digital para todo o Brasil.\u00a0<\/p>\n<p>&#8220;Em dezembro de 2024, realizamos o relan\u00e7amento do primeiro edital, com alguns pequenos ajustes, como a revis\u00e3o do cronograma, das localidades que passaram a ser 189 e, tamb\u00e9m, de alguns canais disponibilizados para cada uma dessas localidades. Mas o que a gente precisa enfatizar \u00e9 a import\u00e2ncia e o compromisso do Minist\u00e9rio das Comunica\u00e7\u00f5es em disponibilizar os sinais de TV digital para todas as localidades do Brasil, levando entretenimento, cultura e informa\u00e7\u00e3o para a popula\u00e7\u00e3o brasileira.&#8221;<\/p>\n<p>Esta \u00e9 uma republica\u00e7\u00e3o do edital divulgado em novembro de 2023. \u00c9 importante destacar que quem se candidatou no edital anterior, ter\u00e1 que se cadastrar novamente.<br \/>\n\u00a0<\/p>\n<p>\t\t\t\t\t\t\t\t\t<img loading=\"lazy\" decoding=\"async\" src=\"https:\/\/brasil61.com\/api\/v1\/serve_pixel\/17677\/79539\" alt=\"Pixel Brasil 61\" class=\"b61_pixel\" width=\"0\" height=\"0\"><\/p>\n<input type=\"hidden\" id=\"baseurl\" value=\"https:\/\/noticiasdestaque.com.br\"><input type=\"hidden\" id=\"audio_nonce\" value=\"c9f06e19e6\">","protected":false},"excerpt":{"rendered":"<p>Os interessados devem se cadastrar por meio do site do Minist\u00e9rio das Comunica\u00e7\u00f5es, o gov.br\/mcom. Ser\u00e3o selecionadas pessoas jur\u00eddicas e concession\u00e1rias de Radiodifus\u00e3o de Sons e Imagens, em car\u00e1ter prim\u00e1rio e com tecnologia digital, para retransmiss\u00e3o de televis\u00e3o (RTV)<\/p>\n","protected":false},"author":1,"featured_media":41098,"comment_status":"open","ping_status":"open","sticky":false,"template":"","format":"standard","meta":{"fifu_image_url":"","fifu_image_alt":"","footnotes":""},"categories":[48],"tags":[],"class_list":["post-41097","post","type-post","status-publish","format-standard","has-post-thumbnail","hentry","category-mundo"],"distributor_meta":false,"distributor_terms":false,"distributor_media":false,"distributor_original_site_name":"Noticias em Destaque","distributor_original_site_url":"https:\/\/noticiasdestaque.com.br","push-errors":false,"_links":{"self":[{"href":"https:\/\/noticiasdestaque.com.br\/index.php\/wp-json\/wp\/v2\/posts\/41097","targetHints":{"allow":["GET"]}}],"collection":[{"href":"https:\/\/noticiasdestaque.com.br\/index.php\/wp-json\/wp\/v2\/posts"}],"about":[{"href":"https:\/\/noticiasdestaque.com.br\/index.php\/wp-json\/wp\/v2\/types\/post"}],"author":[{"embeddable":true,"href":"https:\/\/noticiasdestaque.com.br\/index.php\/wp-json\/wp\/v2\/users\/1"}],"replies":[{"embeddable":true,"href":"https:\/\/noticiasdestaque.com.br\/index.php\/wp-json\/wp\/v2\/comments?post=41097"}],"version-history":[{"count":0,"href":"https:\/\/noticiasdestaque.com.br\/index.php\/wp-json\/wp\/v2\/posts\/41097\/revisions"}],"wp:featuredmedia":[{"embeddable":true,"href":"https:\/\/noticiasdestaque.com.br\/index.php\/wp-json\/wp\/v2\/media\/41098"}],"wp:attachment":[{"href":"https:\/\/noticiasdestaque.com.br\/index.php\/wp-json\/wp\/v2\/media?parent=41097"}],"wp:term":[{"taxonomy":"category","embeddable":true,"href":"https:\/\/noticiasdestaque.com.br\/index.php\/wp-json\/wp\/v2\/categories?post=41097"},{"taxonomy":"post_tag","embeddable":true,"href":"https:\/\/noticiasdestaque.com.br\/index.php\/wp-json\/wp\/v2\/tags?post=41097"}],"curies":[{"name":"wp","href":"https:\/\/api.w.org\/{rel}","templated":true}]}}