{"id":41075,"date":"2025-01-09T17:47:00","date_gmt":"2025-01-09T20:47:00","guid":{"rendered":"https:\/\/noticiasdestaque.com.br\/index.php\/2025\/01\/09\/ministerio-das-comunicacoes-publica-edital-para-levar-canal-de-tv-digital-a-macapa-ap\/"},"modified":"2025-01-09T17:47:00","modified_gmt":"2025-01-09T20:47:00","slug":"ministerio-das-comunicacoes-publica-edital-para-levar-canal-de-tv-digital-a-macapa-ap","status":"publish","type":"post","link":"https:\/\/noticiasdestaque.com.br\/index.php\/2025\/01\/09\/ministerio-das-comunicacoes-publica-edital-para-levar-canal-de-tv-digital-a-macapa-ap\/","title":{"rendered":"Minist\u00e9rio das Comunica\u00e7\u00f5es publica edital para levar canal de TV Digital a Macap\u00e1 (AP)"},"content":{"rendered":"<p>\t\t\t\t\t\t\t\t\t\t<audio controls class=\"b61_audio_player\" data-noticia=\"79525\" src=\"https:\/\/brasil61.com\/rails\/active_storage\/blobs\/eyJfcmFpbHMiOnsibWVzc2FnZSI6IkJBaHBBeUltQXc9PSIsImV4cCI6bnVsbCwicHVyIjoiYmxvYl9pZCJ9fQ==--67ab02f1062e3fa108833cea51580c66417c02b1\/MCOM250058A\"><\/audio><\/p>\n<p>O Minist\u00e9rio das Comunica\u00e7\u00f5es abriu um edital para levar 227 novos canais de TV Digital para 189 cidades brasileiras de todas as regi\u00f5es do pa\u00eds. No Amap\u00e1, a popula\u00e7\u00e3o da capital, Macap\u00e1, poder\u00e1 contar com a transmiss\u00e3o de um novo canal.<\/p>\n<p>Os interessados devem se cadastrar at\u00e9 31 de janeiro por meio do <a href=\"http:\/\/www.gov.br\/mcom\/pt-br\/assuntos\/radio-e-tv-aberta\/pno_rtv\">site <\/a>do Minist\u00e9rio das Comunica\u00e7\u00f5es, o gov.br\/mcom.\u00a0<\/p>\n<p>A lista dos munic\u00edpios contemplados tamb\u00e9m pode ser acessada no portal.<\/p>\n<p>A iniciativa do Minist\u00e9rio das Comunica\u00e7\u00f5es dar\u00e1 mais op\u00e7\u00f5es de acesso \u00e0 informa\u00e7\u00e3o, cultura e entretenimento aos moradores dessas localidades.\u00a0<\/p>\n<p>O diretor do Departamento de Radiodifus\u00e3o Privada do Minist\u00e9rio das Comunica\u00e7\u00f5es, Nelson Neto, refor\u00e7a o compromisso da Pasta em levar sinais de TV Digital para todo o Brasil.\u00a0<\/p>\n<p>&#8220;Em dezembro de 2024, realizamos o relan\u00e7amento do primeiro edital, com alguns pequenos ajustes, como a revis\u00e3o do cronograma, das localidades que passaram a ser 189 e, tamb\u00e9m, de alguns canais disponibilizados para cada uma dessas localidades. Mas o que a gente precisa enfatizar \u00e9 a import\u00e2ncia e o compromisso do Minist\u00e9rio das Comunica\u00e7\u00f5es em disponibilizar os sinais de TV digital para todas as localidades do Brasil, levando entretenimento, cultura e informa\u00e7\u00e3o para a popula\u00e7\u00e3o brasileira.&#8221;<\/p>\n<p>Esta \u00e9 uma republica\u00e7\u00e3o do edital divulgado em novembro de 2023. \u00c9 importante destacar que quem se candidatou no edital anterior, ter\u00e1 que se cadastrar novamente.<br \/>\n\u00a0<\/p>\n<p>\t\t\t\t\t\t\t\t\t<img loading=\"lazy\" decoding=\"async\" src=\"https:\/\/brasil61.com\/api\/v1\/serve_pixel\/17677\/79525\" alt=\"Pixel Brasil 61\" class=\"b61_pixel\" width=\"0\" height=\"0\"><\/p>\n<input type=\"hidden\" id=\"baseurl\" value=\"https:\/\/noticiasdestaque.com.br\"><input type=\"hidden\" id=\"audio_nonce\" value=\"5128c810d9\">","protected":false},"excerpt":{"rendered":"<p>Os interessados devem se cadastrar por meio do site do Minist\u00e9rio das Comunica\u00e7\u00f5es, o gov.br\/mcom. Ser\u00e3o selecionadas pessoas jur\u00eddicas e concession\u00e1rias de Radiodifus\u00e3o de Sons e Imagens, em car\u00e1ter prim\u00e1rio e com tecnologia digital, para retransmiss\u00e3o de televis\u00e3o (RTV)<\/p>\n","protected":false},"author":1,"featured_media":41076,"comment_status":"open","ping_status":"open","sticky":false,"template":"","format":"standard","meta":{"fifu_image_url":"","fifu_image_alt":"","footnotes":""},"categories":[48],"tags":[],"class_list":["post-41075","post","type-post","status-publish","format-standard","has-post-thumbnail","hentry","category-mundo"],"distributor_meta":false,"distributor_terms":false,"distributor_media":false,"distributor_original_site_name":"Noticias em Destaque","distributor_original_site_url":"https:\/\/noticiasdestaque.com.br","push-errors":false,"_links":{"self":[{"href":"https:\/\/noticiasdestaque.com.br\/index.php\/wp-json\/wp\/v2\/posts\/41075","targetHints":{"allow":["GET"]}}],"collection":[{"href":"https:\/\/noticiasdestaque.com.br\/index.php\/wp-json\/wp\/v2\/posts"}],"about":[{"href":"https:\/\/noticiasdestaque.com.br\/index.php\/wp-json\/wp\/v2\/types\/post"}],"author":[{"embeddable":true,"href":"https:\/\/noticiasdestaque.com.br\/index.php\/wp-json\/wp\/v2\/users\/1"}],"replies":[{"embeddable":true,"href":"https:\/\/noticiasdestaque.com.br\/index.php\/wp-json\/wp\/v2\/comments?post=41075"}],"version-history":[{"count":0,"href":"https:\/\/noticiasdestaque.com.br\/index.php\/wp-json\/wp\/v2\/posts\/41075\/revisions"}],"wp:featuredmedia":[{"embeddable":true,"href":"https:\/\/noticiasdestaque.com.br\/index.php\/wp-json\/wp\/v2\/media\/41076"}],"wp:attachment":[{"href":"https:\/\/noticiasdestaque.com.br\/index.php\/wp-json\/wp\/v2\/media?parent=41075"}],"wp:term":[{"taxonomy":"category","embeddable":true,"href":"https:\/\/noticiasdestaque.com.br\/index.php\/wp-json\/wp\/v2\/categories?post=41075"},{"taxonomy":"post_tag","embeddable":true,"href":"https:\/\/noticiasdestaque.com.br\/index.php\/wp-json\/wp\/v2\/tags?post=41075"}],"curies":[{"name":"wp","href":"https:\/\/api.w.org\/{rel}","templated":true}]}}