{"id":41065,"date":"2025-01-08T16:02:00","date_gmt":"2025-01-08T19:02:00","guid":{"rendered":"https:\/\/noticiasdestaque.com.br\/index.php\/2025\/01\/08\/tv-digital-189-cidades-devem-receber-novos-canais-cadastro-vai-ate-31-de-janeiro\/"},"modified":"2025-01-08T16:02:00","modified_gmt":"2025-01-08T19:02:00","slug":"tv-digital-189-cidades-devem-receber-novos-canais-cadastro-vai-ate-31-de-janeiro","status":"publish","type":"post","link":"https:\/\/noticiasdestaque.com.br\/index.php\/2025\/01\/08\/tv-digital-189-cidades-devem-receber-novos-canais-cadastro-vai-ate-31-de-janeiro\/","title":{"rendered":"TV digital: 189 cidades devem receber novos canais; cadastro vai at\u00e9 31 de janeiro"},"content":{"rendered":"<p>\t\t\t\t\t\t\t\t\t\t<audio controls class=\"b61_audio_player\" data-noticia=\"79503\" src=\"https:\/\/brasil61.com\/rails\/active_storage\/blobs\/eyJfcmFpbHMiOnsibWVzc2FnZSI6IkJBaHBBMzhsQXc9PSIsImV4cCI6bnVsbCwicHVyIjoiYmxvYl9pZCJ9fQ==--c59dd2e567aef98dc096efae7fdb9ed7f4e35162\/MCOM250053A\"><\/audio><\/p>\n<p>O Minist\u00e9rio das Comunica\u00e7\u00f5es publicou, no \u00faltimo dia 27 de dezembro,\u00a0no Di\u00e1rio Oficial da Uni\u00e3o, um edital para levar 227 novos canais de\u00a0TV\u00a0para 189 cidades brasileiras.<\/p>\n<p>Os interessados devem se cadastrar at\u00e9 31 de janeiro de 2025 no seguinte link:\u00a0<a data-tippreview-enabled=\"false\" data-tippreview-image=\"\" data-tippreview-title=\"\" href=\"http:\/\/www.gov.br\/mcom\/pt-br\/assuntos\/radio-e-tv-aberta\/pno_rtv\" target=\"_self\" title=\"http:\/\/www.gov.br\/mcom\/pt-br\/assuntos\/radio-e-tv-aberta\/pno_rtv\">http:\/\/www.gov.br\/mcom\/pt-br\/assuntos\/radio-e-tv-aberta\/pno_rtv<\/a>.<\/p>\n<p>De acordo com a <a href=\"https:\/\/www.in.gov.br\/en\/web\/dou\/-\/edital-n-224\/2024\/mcom-604080600\">publica\u00e7\u00e3o<\/a>, ser\u00e3o selecionadas pessoas jur\u00eddicas e concession\u00e1rias de Radiodifus\u00e3o de Sons e Imagens, em car\u00e1ter prim\u00e1rio e com tecnologia\u00a0digital, para retransmiss\u00e3o de televis\u00e3o (RTV).<\/p>\n<p>S\u00e3o 189 localidades distribu\u00eddas entre os seguintes estados: Acre, Alagoas, Amazonas , Amap\u00e1, Bahia, Cear\u00e1, Esp\u00edrito Santo, Goi\u00e1s , Maranh\u00e3o, Minas Gerais, Mato Grosso, Mato Grosso do Sul, Par\u00e1, Para\u00edba, Pernambuco, Piau\u00ed, Paran\u00e1, Rio de Janeiro, Rio Grande do Norte, Rond\u00f4nia, Roraima, Rio Grande do Sul, Santa Catarina, Sergipe, S\u00e3o Paulo e Tocantins. Confira a lista <a href=\"https:\/\/www.in.gov.br\/en\/web\/dou\/-\/edital-n-224\/2024\/mcom-604080600\">aqui<\/a>.<\/p>\n<p>Esta \u00e9 uma republica\u00e7\u00e3o do edital divulgado em novembro de 2023, com ajustes. Quem se candidatou neste anterior, ter\u00e1 que se cadastrar novamente.<\/p>\n<p>Com o edital, o cronograma do Plano Nacional de Outorgas 2023\/2024\/2025 tamb\u00e9m ter\u00e1 algumas altera\u00e7\u00f5es em rela\u00e7\u00e3o aos meses de datas de chamamento p\u00fablico para empresas interessadas em executar o servi\u00e7o.<\/p>\n<p>O Plano Nacional de Outorga (PNO) foi criado para dar uma maior transpar\u00eancia sobre os procedimentos e crit\u00e9rios necess\u00e1rios para que as localidades sejam contempladas em futuros editais de sele\u00e7\u00e3o p\u00fablica.<\/p>\n<p>Nos PNOs, s\u00e3o apresentadas todas as localidades que ser\u00e3o avaliadas para a concess\u00e3o ou autoriza\u00e7\u00e3o de novas outorgas para servi\u00e7os de radiodifus\u00e3o ou ancilares.<\/p>\n<p><strong>RTV<\/strong><\/p>\n<p>O servi\u00e7o tem a finalidade de retransmitir, de forma simult\u00e2nea ou n\u00e3o, os sinais de esta\u00e7\u00e3o geradora de televis\u00e3o, fazendo com que os sinais das esta\u00e7\u00f5es geradoras sejam recebidos em locais onde n\u00e3o s\u00e3o alcan\u00e7ados diretamente ou atingidos em condi\u00e7\u00f5es t\u00e9cnicas inadequadas. As emissoras autorizadas a executar os servi\u00e7os de RTV\u00a0poder\u00e3o retransmitir os sinais oriundos de esta\u00e7\u00f5es geradoras de\u00a0TV\u00a0comercial ou educativa.<\/p>\n<p>As autoriza\u00e7\u00f5es para execu\u00e7\u00e3o do servi\u00e7o de RTV\u00a0poder\u00e3o ser concedidas em car\u00e1ter prim\u00e1rio (canal protegido de interfer\u00eancias) ou secund\u00e1rio (canal sem prote\u00e7\u00e3o contra interfer\u00eancias). Nos dois casos, as autoriza\u00e7\u00f5es s\u00e3o concedidas de forma prec\u00e1ria, por serem servi\u00e7os ancilares ao servi\u00e7o de radiodifus\u00e3o de sons e imagens (TV).<\/p>\n<p>Fonte: MCOM<\/p>\n<p>\t\t\t\t\t\t\t\t\t<img loading=\"lazy\" decoding=\"async\" src=\"https:\/\/brasil61.com\/api\/v1\/serve_pixel\/17677\/79503\" alt=\"Pixel Brasil 61\" class=\"b61_pixel\" width=\"0\" height=\"0\"><\/p>\n<input type=\"hidden\" id=\"baseurl\" value=\"https:\/\/noticiasdestaque.com.br\"><input type=\"hidden\" id=\"audio_nonce\" value=\"581f3017e1\">","protected":false},"excerpt":{"rendered":"<p>Os interessados devem se cadastrar por meio do site do Minist\u00e9rio das Comunica\u00e7\u00f5es, o gov.br\/mcom. Ser\u00e3o selecionadas pessoas jur\u00eddicas e concession\u00e1rias de Radiodifus\u00e3o de Sons e Imagens, em car\u00e1ter prim\u00e1rio e com tecnologia digital, para retransmiss\u00e3o de televis\u00e3o (RTV)<\/p>\n","protected":false},"author":1,"featured_media":41066,"comment_status":"open","ping_status":"open","sticky":false,"template":"","format":"standard","meta":{"fifu_image_url":"","fifu_image_alt":"","footnotes":""},"categories":[48],"tags":[],"class_list":["post-41065","post","type-post","status-publish","format-standard","has-post-thumbnail","hentry","category-mundo"],"distributor_meta":false,"distributor_terms":false,"distributor_media":false,"distributor_original_site_name":"Noticias em Destaque","distributor_original_site_url":"https:\/\/noticiasdestaque.com.br","push-errors":false,"_links":{"self":[{"href":"https:\/\/noticiasdestaque.com.br\/index.php\/wp-json\/wp\/v2\/posts\/41065","targetHints":{"allow":["GET"]}}],"collection":[{"href":"https:\/\/noticiasdestaque.com.br\/index.php\/wp-json\/wp\/v2\/posts"}],"about":[{"href":"https:\/\/noticiasdestaque.com.br\/index.php\/wp-json\/wp\/v2\/types\/post"}],"author":[{"embeddable":true,"href":"https:\/\/noticiasdestaque.com.br\/index.php\/wp-json\/wp\/v2\/users\/1"}],"replies":[{"embeddable":true,"href":"https:\/\/noticiasdestaque.com.br\/index.php\/wp-json\/wp\/v2\/comments?post=41065"}],"version-history":[{"count":0,"href":"https:\/\/noticiasdestaque.com.br\/index.php\/wp-json\/wp\/v2\/posts\/41065\/revisions"}],"wp:featuredmedia":[{"embeddable":true,"href":"https:\/\/noticiasdestaque.com.br\/index.php\/wp-json\/wp\/v2\/media\/41066"}],"wp:attachment":[{"href":"https:\/\/noticiasdestaque.com.br\/index.php\/wp-json\/wp\/v2\/media?parent=41065"}],"wp:term":[{"taxonomy":"category","embeddable":true,"href":"https:\/\/noticiasdestaque.com.br\/index.php\/wp-json\/wp\/v2\/categories?post=41065"},{"taxonomy":"post_tag","embeddable":true,"href":"https:\/\/noticiasdestaque.com.br\/index.php\/wp-json\/wp\/v2\/tags?post=41065"}],"curies":[{"name":"wp","href":"https:\/\/api.w.org\/{rel}","templated":true}]}}