{"id":41037,"date":"2025-01-06T13:00:00","date_gmt":"2025-01-06T16:00:00","guid":{"rendered":"https:\/\/noticiasdestaque.com.br\/index.php\/2025\/01\/06\/presidente-da-cni-propoe-pacto-nacional-visando-blindar-pais-da-retracao-economica\/"},"modified":"2025-01-06T13:00:00","modified_gmt":"2025-01-06T16:00:00","slug":"presidente-da-cni-propoe-pacto-nacional-visando-blindar-pais-da-retracao-economica","status":"publish","type":"post","link":"https:\/\/noticiasdestaque.com.br\/index.php\/2025\/01\/06\/presidente-da-cni-propoe-pacto-nacional-visando-blindar-pais-da-retracao-economica\/","title":{"rendered":"Presidente da CNI prop\u00f5e \u201cpacto nacional\u201d visando blindar pa\u00eds da retra\u00e7\u00e3o econ\u00f4mica"},"content":{"rendered":"<p>\t\t\t\t\t\t\t\t\t\t<audio controls class=\"b61_audio_player\" data-noticia=\"79431\" src=\"https:\/\/brasil61.com\/rails\/active_storage\/blobs\/eyJfcmFpbHMiOnsibWVzc2FnZSI6IkJBaHBBM3drQXc9PSIsImV4cCI6bnVsbCwicHVyIjoiYmxvYl9pZCJ9fQ==--5ee7320aee9a94bfc8e22e5e3c23decd13b1e774\/BRAS2513264A\"><\/audio><\/p>\n<p>Desbalan\u00e7o das contas p\u00fablicas, alta do d\u00f3lar, aumento dos juros. Diante do momento econ\u00f4mico que o pa\u00eds vive, o presidente da Confedera\u00e7\u00e3o Nacional da Ind\u00fastria (CNI) Ricardo Alban, em posicionamento publicado nesta segunda (6), defendeu a necessidade de um pacto abrangente, para blindar a ind\u00fastria nacional e impedir mais perdas para o setor.<\/p>\n<p>\u201cA converg\u00eancia entre o Pal\u00e1cio do Planalto, o Congresso Nacional e o Judici\u00e1rio, somada \u00e0 participa\u00e7\u00e3o dos governos estaduais e municipais, configuraria um passo fundamental para a mitiga\u00e7\u00e3o de riscos, pois envolveria regras claras de responsabilidade fiscal associadas a est\u00edmulos para setores estrat\u00e9gicos, como a ind\u00fastria e o agroneg\u00f3cio\u201d, diz um trecho da nota.<\/p>\n<p>No documento, Alban cita que depois de muitos anos de estagna\u00e7\u00e3o econ\u00f4mica, o primeiro semestre de 2024 mostrou sinais de acelera\u00e7\u00e3o, provando que o pa\u00eds tem, sim, capacidade de se desenvolver.<\/p>\n<p>\u201cA ind\u00fastria de transforma\u00e7\u00e3o, amparada pela Nova Ind\u00fastria Brasil, demonstrou capacidade de expandir empregos de qualidade, atrair capitais para infraestrutura e aumentar a arrecada\u00e7\u00e3o tribut\u00e1ria. Ao transbordar benef\u00edcios a outros setores, seu bom desempenho evidenciou a import\u00e2ncia de se manter um ambiente macroecon\u00f4mico equilibrado\u201d, ressaltou Alban.<\/p>\n<h2>Pacto nacional<\/h2>\n<p>No manifesto, o presidente da CNI faz um alerta que considera real: o de que \u201co risco de que a pol\u00edtica monet\u00e1ria restritiva e a alta do d\u00f3lar sufoquem o \u00edmpeto industrial e agr\u00e1rio em 2025.\u201d<\/p>\n<p>A proposta \u00e9 por um \u201cpacto nacional\u201d envolvendo Executivo, Legislativo e Judici\u00e1rio, al\u00e9m de empres\u00e1rios e trabalhadores.<\/p>\n<p>\u201cEm ess\u00eancia, trata-se de criar um consenso em torno de metas fiscais e de pol\u00edticas econ\u00f4micas estruturantes, garantindo que, enquanto se busca o equil\u00edbrio das contas p\u00fablicas, haja tamb\u00e9m est\u00edmulos seletivos que assegurem a continuidade dos investimentos\u201d, destaca o manifesto.<\/p>\n<p>Alban ainda ressalta que a ind\u00fastria est\u00e1 disposta a liderar a negocia\u00e7\u00e3o, desde que haja garantias m\u00ednimas de que os juros n\u00e3o ser\u00e3o empecilho para o crescimento do setor.<\/p>\n<p>Por fim, o presidente da CNI pediu celeridade ao andamento do pacto, para que o pa\u00eds n\u00e3o perca ainda mais daqui para frente.<\/p>\n<p>\u201cEsse \u00e9 um passo fundamental e que precisa ser dado j\u00e1 no in\u00edcio do ano, de forma a garantir um ponto de inflex\u00e3o rumo a um fluxo de crescimento sustentado, que se espraie por todos os setores produtivos do pa\u00eds.\u201d<\/p>\n<p>At\u00e9 o fechamento desta edi\u00e7\u00e3o, o governo n\u00e3o se manifestou sobre a carta da CNI.<br \/>\n\u00a0<\/p>\n<p>\t\t\t\t\t\t\t\t\t<img loading=\"lazy\" decoding=\"async\" src=\"https:\/\/brasil61.com\/api\/v1\/serve_pixel\/17677\/79431\" alt=\"Pixel Brasil 61\" class=\"b61_pixel\" width=\"0\" height=\"0\"><\/p>\n<input type=\"hidden\" id=\"baseurl\" value=\"https:\/\/noticiasdestaque.com.br\"><input type=\"hidden\" id=\"audio_nonce\" value=\"62ca87eee3\">","protected":false},"excerpt":{"rendered":"<p>Posicionamento da entidade prop\u00f5e converg\u00eancia entre os tr\u00eas poderes como alerta para promover o crescimento da economia<\/p>\n","protected":false},"author":1,"featured_media":41038,"comment_status":"open","ping_status":"open","sticky":false,"template":"","format":"standard","meta":{"fifu_image_url":"","fifu_image_alt":"","footnotes":""},"categories":[59],"tags":[],"class_list":["post-41037","post","type-post","status-publish","format-standard","has-post-thumbnail","hentry","category-economia"],"distributor_meta":false,"distributor_terms":false,"distributor_media":false,"distributor_original_site_name":"Noticias em Destaque","distributor_original_site_url":"https:\/\/noticiasdestaque.com.br","push-errors":false,"_links":{"self":[{"href":"https:\/\/noticiasdestaque.com.br\/index.php\/wp-json\/wp\/v2\/posts\/41037","targetHints":{"allow":["GET"]}}],"collection":[{"href":"https:\/\/noticiasdestaque.com.br\/index.php\/wp-json\/wp\/v2\/posts"}],"about":[{"href":"https:\/\/noticiasdestaque.com.br\/index.php\/wp-json\/wp\/v2\/types\/post"}],"author":[{"embeddable":true,"href":"https:\/\/noticiasdestaque.com.br\/index.php\/wp-json\/wp\/v2\/users\/1"}],"replies":[{"embeddable":true,"href":"https:\/\/noticiasdestaque.com.br\/index.php\/wp-json\/wp\/v2\/comments?post=41037"}],"version-history":[{"count":0,"href":"https:\/\/noticiasdestaque.com.br\/index.php\/wp-json\/wp\/v2\/posts\/41037\/revisions"}],"wp:featuredmedia":[{"embeddable":true,"href":"https:\/\/noticiasdestaque.com.br\/index.php\/wp-json\/wp\/v2\/media\/41038"}],"wp:attachment":[{"href":"https:\/\/noticiasdestaque.com.br\/index.php\/wp-json\/wp\/v2\/media?parent=41037"}],"wp:term":[{"taxonomy":"category","embeddable":true,"href":"https:\/\/noticiasdestaque.com.br\/index.php\/wp-json\/wp\/v2\/categories?post=41037"},{"taxonomy":"post_tag","embeddable":true,"href":"https:\/\/noticiasdestaque.com.br\/index.php\/wp-json\/wp\/v2\/tags?post=41037"}],"curies":[{"name":"wp","href":"https:\/\/api.w.org\/{rel}","templated":true}]}}