{"id":41027,"date":"2025-01-06T18:00:00","date_gmt":"2025-01-06T21:00:00","guid":{"rendered":"https:\/\/noticiasdestaque.com.br\/index.php\/2025\/01\/06\/previsao-do-tempo-sudeste-tera-chuvas-intensas-em-boa-parte-da-regiao-nesta-terca-feira-7\/"},"modified":"2025-01-06T18:00:00","modified_gmt":"2025-01-06T21:00:00","slug":"previsao-do-tempo-sudeste-tera-chuvas-intensas-em-boa-parte-da-regiao-nesta-terca-feira-7","status":"publish","type":"post","link":"https:\/\/noticiasdestaque.com.br\/index.php\/2025\/01\/06\/previsao-do-tempo-sudeste-tera-chuvas-intensas-em-boa-parte-da-regiao-nesta-terca-feira-7\/","title":{"rendered":"PREVIS\u00c3O DO TEMPO: Sudeste ter\u00e1 chuvas intensas em boa parte da regi\u00e3o, nesta ter\u00e7a-feira (7)"},"content":{"rendered":"<p>\t\t\t\t\t\t\t\t\t\t<audio controls class=\"b61_audio_player\" data-noticia=\"79427\" src=\"https:\/\/brasil61.com\/rails\/active_storage\/blobs\/eyJfcmFpbHMiOnsibWVzc2FnZSI6IkJBaHBBMTBrQXc9PSIsImV4cCI6bnVsbCwicHVyIjoiYmxvYl9pZCJ9fQ==--6cc8cdfd06aad152c143bc9985b70ac6dbf9544d\/PTSD253934A\"><\/audio><\/p>\n<p>A Regi\u00e3o Sudeste do pa\u00eds ter\u00e1 chuvas intensas em boa parte da regi\u00e3o, nesta ter\u00e7a-feira (7).<\/p>\n<p>Para os estados do Rio de Janeiro, Esp\u00edrito Santo e Minas Gerais, a previs\u00e3o \u00e9 de chuvas intensas de 50 mm\/dia e ventos intensos de at\u00e9 60 km\/h.\u00a0<\/p>\n<p>Para as regi\u00f5es central mineira, Tri\u00e2ngulo Mineiro e metropolitana de Belo Horizonte, a previs\u00e3o \u00e9 de chuvas intensas com grau de severidade de perigo. Nessas regi\u00f5es de Minas a chuva pode ter at\u00e9 100 mm e h\u00e1 risco de corte de energia el\u00e9trica, queda de galhos de \u00e1rvores, alagamentos e de descargas el\u00e9tricas.<\/p>\n<p>S\u00e3o Paulo deve ter c\u00e9u nublado com pancadas de chuva isoladas na regi\u00e3o norte e no litoral;\u00a0j\u00e1 no sul paulista a previs\u00e3o \u00e9 de c\u00e9u com muitas nuvens e possibilidade de chuva isolada.<\/p>\n<p>Quanto \u00e0s temperaturas para janeiro, segundo o Inmet, a previs\u00e3o \u00e9 de que dever\u00e3o ser acima da m\u00e9dia em grande parte do pa\u00eds, incluindo a Regi\u00e3o Sudeste.<\/p>\n<p>Entre as capitais, a temperatura m\u00ednima prevista nesta ter\u00e7a-feira \u00e9 de 17\u00b0C, em Belo Horizonte. J\u00e1 a m\u00e1xima pode chegar a 34\u00b0C, em Vit\u00f3ria. A umidade relativa do ar varia entre 35% e 100%.<\/p>\n<p>As informa\u00e7\u00f5es s\u00e3o do Instituto Nacional de Meteorologia. \u00a0<\/p>\n<p>\u00a0<\/p>\n<p>\t\t\t\t\t\t\t\t\t<img loading=\"lazy\" decoding=\"async\" src=\"https:\/\/brasil61.com\/api\/v1\/serve_pixel\/17677\/79427\" alt=\"Pixel Brasil 61\" class=\"b61_pixel\" width=\"0\" height=\"0\"><\/p>\n<input type=\"hidden\" id=\"baseurl\" value=\"https:\/\/noticiasdestaque.com.br\"><input type=\"hidden\" id=\"audio_nonce\" value=\"9fd43fe80e\">","protected":false},"excerpt":{"rendered":"<p>O Inmet indica que as temperaturas em janeiro dever\u00e3o ser acima da m\u00e9dia em grande parte do pa\u00eds, incluindo o Sudeste<\/p>\n","protected":false},"author":1,"featured_media":41028,"comment_status":"open","ping_status":"open","sticky":false,"template":"","format":"standard","meta":{"fifu_image_url":"","fifu_image_alt":"","footnotes":""},"categories":[58],"tags":[],"class_list":["post-41027","post","type-post","status-publish","format-standard","has-post-thumbnail","hentry","category-cotidiano"],"distributor_meta":false,"distributor_terms":false,"distributor_media":false,"distributor_original_site_name":"Noticias em Destaque","distributor_original_site_url":"https:\/\/noticiasdestaque.com.br","push-errors":false,"_links":{"self":[{"href":"https:\/\/noticiasdestaque.com.br\/index.php\/wp-json\/wp\/v2\/posts\/41027","targetHints":{"allow":["GET"]}}],"collection":[{"href":"https:\/\/noticiasdestaque.com.br\/index.php\/wp-json\/wp\/v2\/posts"}],"about":[{"href":"https:\/\/noticiasdestaque.com.br\/index.php\/wp-json\/wp\/v2\/types\/post"}],"author":[{"embeddable":true,"href":"https:\/\/noticiasdestaque.com.br\/index.php\/wp-json\/wp\/v2\/users\/1"}],"replies":[{"embeddable":true,"href":"https:\/\/noticiasdestaque.com.br\/index.php\/wp-json\/wp\/v2\/comments?post=41027"}],"version-history":[{"count":0,"href":"https:\/\/noticiasdestaque.com.br\/index.php\/wp-json\/wp\/v2\/posts\/41027\/revisions"}],"wp:featuredmedia":[{"embeddable":true,"href":"https:\/\/noticiasdestaque.com.br\/index.php\/wp-json\/wp\/v2\/media\/41028"}],"wp:attachment":[{"href":"https:\/\/noticiasdestaque.com.br\/index.php\/wp-json\/wp\/v2\/media?parent=41027"}],"wp:term":[{"taxonomy":"category","embeddable":true,"href":"https:\/\/noticiasdestaque.com.br\/index.php\/wp-json\/wp\/v2\/categories?post=41027"},{"taxonomy":"post_tag","embeddable":true,"href":"https:\/\/noticiasdestaque.com.br\/index.php\/wp-json\/wp\/v2\/tags?post=41027"}],"curies":[{"name":"wp","href":"https:\/\/api.w.org\/{rel}","templated":true}]}}