{"id":41023,"date":"2025-01-05T18:00:00","date_gmt":"2025-01-05T21:00:00","guid":{"rendered":"https:\/\/noticiasdestaque.com.br\/index.php\/2025\/01\/05\/previsao-do-tempo-sol-com-poucas-nuvens-em-areas-da-regiao-sul-nesta-segunda-feira-6\/"},"modified":"2025-01-05T18:00:00","modified_gmt":"2025-01-05T21:00:00","slug":"previsao-do-tempo-sol-com-poucas-nuvens-em-areas-da-regiao-sul-nesta-segunda-feira-6","status":"publish","type":"post","link":"https:\/\/noticiasdestaque.com.br\/index.php\/2025\/01\/05\/previsao-do-tempo-sol-com-poucas-nuvens-em-areas-da-regiao-sul-nesta-segunda-feira-6\/","title":{"rendered":"PREVIS\u00c3O DO TEMPO: sol com poucas nuvens em \u00e1reas da Regi\u00e3o Sul, nesta segunda-feira (6)"},"content":{"rendered":"<p>\t\t\t\t\t\t\t\t\t\t<audio controls class=\"b61_audio_player\" data-noticia=\"79404\" src=\"https:\/\/brasil61.com\/rails\/active_storage\/blobs\/eyJfcmFpbHMiOnsibWVzc2FnZSI6IkJBaHBBOXdqQXc9PSIsImV4cCI6bnVsbCwicHVyIjoiYmxvYl9pZCJ9fQ==--f4d60154ca2fa2c6799e059245da1fe8a216bbb7\/PTRS253815A\"><\/audio><\/p>\n<p>A previs\u00e3o do tempo para o Sul, nesta segunda-feira (6), indica muitas nuvens com possibilidade de chuva na regi\u00e3o metropolitana de Curitiba, norte catarinense, Grande Florian\u00f3polis e Vale do Itaja\u00ed.<\/p>\n<p>C\u00e9u parcialmente nublado na metropolitana de Porto Alegre e no sudeste rio-grandense. Nas demais \u00e1reas da Regi\u00e3o Sul, a previs\u00e3o indica sol com poucas nuvens.<\/p>\n<p>Entre as capitais, a temperatura m\u00ednima \u00e9 de 16\u00baC em Curitiba (PA). M\u00e1ximas de 29\u00baC em Porto Alegre (RS) e de 26\u00baC em Florian\u00f3polis (SC).\u00a0<\/p>\n<p>As informa\u00e7\u00f5es s\u00e3o do Instituto Nacional de Meteorologia.\u00a0<\/p>\n<p>\t\t\t\t\t\t\t\t\t<img loading=\"lazy\" decoding=\"async\" src=\"https:\/\/brasil61.com\/api\/v1\/serve_pixel\/17677\/79404\" alt=\"Pixel Brasil 61\" class=\"b61_pixel\" width=\"0\" height=\"0\"><\/p>\n<input type=\"hidden\" id=\"baseurl\" value=\"https:\/\/noticiasdestaque.com.br\"><input type=\"hidden\" id=\"audio_nonce\" value=\"eb7638fb71\">","protected":false},"excerpt":{"rendered":"<p>Entre as capitais, a temperatura m\u00ednima \u00e9 de 16\u00baC em Curitiba (PR). M\u00e1ximas de 29\u00baC em Porto Alegre (RS) e de 26\u00baC em Florian\u00f3polis (SC)<\/p>\n","protected":false},"author":1,"featured_media":41024,"comment_status":"open","ping_status":"open","sticky":false,"template":"","format":"standard","meta":{"fifu_image_url":"","fifu_image_alt":"","footnotes":""},"categories":[58],"tags":[],"class_list":["post-41023","post","type-post","status-publish","format-standard","has-post-thumbnail","hentry","category-cotidiano"],"distributor_meta":false,"distributor_terms":false,"distributor_media":false,"distributor_original_site_name":"Noticias em Destaque","distributor_original_site_url":"https:\/\/noticiasdestaque.com.br","push-errors":false,"_links":{"self":[{"href":"https:\/\/noticiasdestaque.com.br\/index.php\/wp-json\/wp\/v2\/posts\/41023","targetHints":{"allow":["GET"]}}],"collection":[{"href":"https:\/\/noticiasdestaque.com.br\/index.php\/wp-json\/wp\/v2\/posts"}],"about":[{"href":"https:\/\/noticiasdestaque.com.br\/index.php\/wp-json\/wp\/v2\/types\/post"}],"author":[{"embeddable":true,"href":"https:\/\/noticiasdestaque.com.br\/index.php\/wp-json\/wp\/v2\/users\/1"}],"replies":[{"embeddable":true,"href":"https:\/\/noticiasdestaque.com.br\/index.php\/wp-json\/wp\/v2\/comments?post=41023"}],"version-history":[{"count":0,"href":"https:\/\/noticiasdestaque.com.br\/index.php\/wp-json\/wp\/v2\/posts\/41023\/revisions"}],"wp:featuredmedia":[{"embeddable":true,"href":"https:\/\/noticiasdestaque.com.br\/index.php\/wp-json\/wp\/v2\/media\/41024"}],"wp:attachment":[{"href":"https:\/\/noticiasdestaque.com.br\/index.php\/wp-json\/wp\/v2\/media?parent=41023"}],"wp:term":[{"taxonomy":"category","embeddable":true,"href":"https:\/\/noticiasdestaque.com.br\/index.php\/wp-json\/wp\/v2\/categories?post=41023"},{"taxonomy":"post_tag","embeddable":true,"href":"https:\/\/noticiasdestaque.com.br\/index.php\/wp-json\/wp\/v2\/tags?post=41023"}],"curies":[{"name":"wp","href":"https:\/\/api.w.org\/{rel}","templated":true}]}}