{"id":41021,"date":"2025-01-05T18:00:00","date_gmt":"2025-01-05T21:00:00","guid":{"rendered":"https:\/\/noticiasdestaque.com.br\/index.php\/2025\/01\/05\/previsao-do-tempo-ceu-coberto-por-nuvens-em-toda-a-regiao-sudeste-nesta-segunda-feira-6\/"},"modified":"2025-01-05T18:00:00","modified_gmt":"2025-01-05T21:00:00","slug":"previsao-do-tempo-ceu-coberto-por-nuvens-em-toda-a-regiao-sudeste-nesta-segunda-feira-6","status":"publish","type":"post","link":"https:\/\/noticiasdestaque.com.br\/index.php\/2025\/01\/05\/previsao-do-tempo-ceu-coberto-por-nuvens-em-toda-a-regiao-sudeste-nesta-segunda-feira-6\/","title":{"rendered":"PREVIS\u00c3O DO TEMPO: c\u00e9u coberto por nuvens em toda a Regi\u00e3o Sudeste, nesta segunda-feira (6)"},"content":{"rendered":"<p>\t\t\t\t\t\t\t\t\t\t<audio controls class=\"b61_audio_player\" data-noticia=\"79403\" src=\"https:\/\/brasil61.com\/rails\/active_storage\/blobs\/eyJfcmFpbHMiOnsibWVzc2FnZSI6IkJBaHBBOTBqQXc9PSIsImV4cCI6bnVsbCwicHVyIjoiYmxvYl9pZCJ9fQ==--cd267df6b20de5306d8998a2724a0abdced1c21f\/PTSD253933A\"><\/audio><\/p>\n<p>C\u00e9u coberto de nuvens em todos os estados do Sudeste, nesta segunda-feira (6). A previs\u00e3o indica pancadas de chuva com possibilidade de trovoadas isoladas no estado do Rio de Janeiro, Esp\u00edrito Santo e em boa parte de Minas Gerais.<\/p>\n<p>Em S\u00e3o Paulo\u00a0pode chover em S\u00e3o Jos\u00e9 do Rio Preto, Ribeir\u00e3o Preto, Campinas, Vale do Para\u00edba Paulista, Litoral Sul Paulista e na regi\u00e3o metropolitana de S\u00e3o Paulo.<\/p>\n<p>O Instituto Nacional de Meteorologia, Inmet, emitiu um alerta de chuvas intensas. S\u00e3o esperados volumes de at\u00e9 50 mm\/dia para Minas Gerais, Esp\u00edrito Santo e Rio de Janeiro.<\/p>\n<p>Entre as capitais, temperaturas m\u00ednimas de 19\u00baC em Belo Horizonte (MG) e de 18\u00baC em S\u00e3o Paulo (SP). M\u00e1ximas de 30\u00baC no Rio de Janeiro (RJ) e de 34\u00baC em Vit\u00f3ria (ES).\u00a0<\/p>\n<p>As informa\u00e7\u00f5es s\u00e3o do Instituto Nacional de Meteorologia.\u00a0<\/p>\n<p>\t\t\t\t\t\t\t\t\t<img loading=\"lazy\" decoding=\"async\" src=\"https:\/\/brasil61.com\/api\/v1\/serve_pixel\/17677\/79403\" alt=\"Pixel Brasil 61\" class=\"b61_pixel\" width=\"0\" height=\"0\"><\/p>\n<input type=\"hidden\" id=\"baseurl\" value=\"https:\/\/noticiasdestaque.com.br\"><input type=\"hidden\" id=\"audio_nonce\" value=\"eb7638fb71\">","protected":false},"excerpt":{"rendered":"<p>O Instituto Nacional de Meteorologia, Inmet, emitiu um alerta de chuvas intensas. S\u00e3o esperados volumes de at\u00e9 50 mm\/dia para Minas Gerais, Esp\u00edrito Santo e Rio de Janeiro.<\/p>\n","protected":false},"author":1,"featured_media":41022,"comment_status":"open","ping_status":"open","sticky":false,"template":"","format":"standard","meta":{"fifu_image_url":"","fifu_image_alt":"","footnotes":""},"categories":[58],"tags":[],"class_list":["post-41021","post","type-post","status-publish","format-standard","has-post-thumbnail","hentry","category-cotidiano"],"distributor_meta":false,"distributor_terms":false,"distributor_media":false,"distributor_original_site_name":"Noticias em Destaque","distributor_original_site_url":"https:\/\/noticiasdestaque.com.br","push-errors":false,"_links":{"self":[{"href":"https:\/\/noticiasdestaque.com.br\/index.php\/wp-json\/wp\/v2\/posts\/41021","targetHints":{"allow":["GET"]}}],"collection":[{"href":"https:\/\/noticiasdestaque.com.br\/index.php\/wp-json\/wp\/v2\/posts"}],"about":[{"href":"https:\/\/noticiasdestaque.com.br\/index.php\/wp-json\/wp\/v2\/types\/post"}],"author":[{"embeddable":true,"href":"https:\/\/noticiasdestaque.com.br\/index.php\/wp-json\/wp\/v2\/users\/1"}],"replies":[{"embeddable":true,"href":"https:\/\/noticiasdestaque.com.br\/index.php\/wp-json\/wp\/v2\/comments?post=41021"}],"version-history":[{"count":0,"href":"https:\/\/noticiasdestaque.com.br\/index.php\/wp-json\/wp\/v2\/posts\/41021\/revisions"}],"wp:featuredmedia":[{"embeddable":true,"href":"https:\/\/noticiasdestaque.com.br\/index.php\/wp-json\/wp\/v2\/media\/41022"}],"wp:attachment":[{"href":"https:\/\/noticiasdestaque.com.br\/index.php\/wp-json\/wp\/v2\/media?parent=41021"}],"wp:term":[{"taxonomy":"category","embeddable":true,"href":"https:\/\/noticiasdestaque.com.br\/index.php\/wp-json\/wp\/v2\/categories?post=41021"},{"taxonomy":"post_tag","embeddable":true,"href":"https:\/\/noticiasdestaque.com.br\/index.php\/wp-json\/wp\/v2\/tags?post=41021"}],"curies":[{"name":"wp","href":"https:\/\/api.w.org\/{rel}","templated":true}]}}