{"id":41015,"date":"2025-01-05T18:00:00","date_gmt":"2025-01-05T21:00:00","guid":{"rendered":"https:\/\/noticiasdestaque.com.br\/index.php\/2025\/01\/05\/previsao-do-tempo-tempo-chuvoso-continua-no-amazonas-e-para-nesta-segunda-feira-6\/"},"modified":"2025-01-05T18:00:00","modified_gmt":"2025-01-05T21:00:00","slug":"previsao-do-tempo-tempo-chuvoso-continua-no-amazonas-e-para-nesta-segunda-feira-6","status":"publish","type":"post","link":"https:\/\/noticiasdestaque.com.br\/index.php\/2025\/01\/05\/previsao-do-tempo-tempo-chuvoso-continua-no-amazonas-e-para-nesta-segunda-feira-6\/","title":{"rendered":"PREVIS\u00c3O DO TEMPO: tempo chuvoso continua no Amazonas e Par\u00e1, nesta segunda-feira (6)"},"content":{"rendered":"<p>\t\t\t\t\t\t\t\t\t\t<audio controls class=\"b61_audio_player\" data-noticia=\"79400\" src=\"https:\/\/brasil61.com\/rails\/active_storage\/blobs\/eyJfcmFpbHMiOnsibWVzc2FnZSI6IkJBaHBBK0FqQXc9PSIsImV4cCI6bnVsbCwicHVyIjoiYmxvYl9pZCJ9fQ==--eb3f618d41c56b01bb6dd85c449ba1cbaed70c6a\/PTRN254298A\"><\/audio><\/p>\n<p>Nesta segunda-feira (6), o c\u00e9u fica com muitas nuvens em todo o Norte. Pode chover no sul de Roraima. A previs\u00e3o tamb\u00e9m indica pancadas de chuva com possibilidade de trovoadas isoladas nos demais estados da regi\u00e3o.\u00a0<\/p>\n<p>O Instituto Nacional de Meteorologia, Inmet, emitiu um alerta de chuvas intensas para a regi\u00e3o. S\u00e3o esperados volumes de at\u00e9 50 mm\/dia para o Acre, Rond\u00f4nia, Tocantins e Amap\u00e1. O mesmo vale para o norte e sul de Roraima; norte, sul, centro e sudoeste amazonense\u00a0e para o Baixo Amazonas.<\/p>\n<p>Entre as capitais, temperaturas m\u00ednimas de 23\u00baC em Palmas (TO), 24\u00baC em Porto Velho (RO) e 25\u00baC em Manaus (AM) e Rio Branco (AC). M\u00e1ximas de 33\u00baC em Macap\u00e1 (AP), 34\u00baC em Bel\u00e9m (PA) e 38\u00baC em Boa Vista (RR).<\/p>\n<p>As informa\u00e7\u00f5es s\u00e3o do Instituto Nacional de Meteorologia.\u00a0<\/p>\n<p>\t\t\t\t\t\t\t\t\t<img loading=\"lazy\" decoding=\"async\" src=\"https:\/\/brasil61.com\/api\/v1\/serve_pixel\/17677\/79400\" alt=\"Pixel Brasil 61\" class=\"b61_pixel\" width=\"0\" height=\"0\"><\/p>\n<input type=\"hidden\" id=\"baseurl\" value=\"https:\/\/noticiasdestaque.com.br\"><input type=\"hidden\" id=\"audio_nonce\" value=\"581f3017e1\">","protected":false},"excerpt":{"rendered":"<p>O Instituto Nacional de Meteorologia, Inmet, emitiu um alerta de chuvas intensas para a regi\u00e3o. S\u00e3o esperados volumes de at\u00e9 50 mm\/dia para o Acre, Rond\u00f4nia, Tocantins e Amap\u00e1<\/p>\n","protected":false},"author":1,"featured_media":41016,"comment_status":"open","ping_status":"open","sticky":false,"template":"","format":"standard","meta":{"fifu_image_url":"","fifu_image_alt":"","footnotes":""},"categories":[58],"tags":[],"class_list":["post-41015","post","type-post","status-publish","format-standard","has-post-thumbnail","hentry","category-cotidiano"],"distributor_meta":false,"distributor_terms":false,"distributor_media":false,"distributor_original_site_name":"Noticias em Destaque","distributor_original_site_url":"https:\/\/noticiasdestaque.com.br","push-errors":false,"_links":{"self":[{"href":"https:\/\/noticiasdestaque.com.br\/index.php\/wp-json\/wp\/v2\/posts\/41015","targetHints":{"allow":["GET"]}}],"collection":[{"href":"https:\/\/noticiasdestaque.com.br\/index.php\/wp-json\/wp\/v2\/posts"}],"about":[{"href":"https:\/\/noticiasdestaque.com.br\/index.php\/wp-json\/wp\/v2\/types\/post"}],"author":[{"embeddable":true,"href":"https:\/\/noticiasdestaque.com.br\/index.php\/wp-json\/wp\/v2\/users\/1"}],"replies":[{"embeddable":true,"href":"https:\/\/noticiasdestaque.com.br\/index.php\/wp-json\/wp\/v2\/comments?post=41015"}],"version-history":[{"count":0,"href":"https:\/\/noticiasdestaque.com.br\/index.php\/wp-json\/wp\/v2\/posts\/41015\/revisions"}],"wp:featuredmedia":[{"embeddable":true,"href":"https:\/\/noticiasdestaque.com.br\/index.php\/wp-json\/wp\/v2\/media\/41016"}],"wp:attachment":[{"href":"https:\/\/noticiasdestaque.com.br\/index.php\/wp-json\/wp\/v2\/media?parent=41015"}],"wp:term":[{"taxonomy":"category","embeddable":true,"href":"https:\/\/noticiasdestaque.com.br\/index.php\/wp-json\/wp\/v2\/categories?post=41015"},{"taxonomy":"post_tag","embeddable":true,"href":"https:\/\/noticiasdestaque.com.br\/index.php\/wp-json\/wp\/v2\/tags?post=41015"}],"curies":[{"name":"wp","href":"https:\/\/api.w.org\/{rel}","templated":true}]}}