{"id":41001,"date":"2025-01-07T21:43:00","date_gmt":"2025-01-08T00:43:00","guid":{"rendered":"https:\/\/noticiasdestaque.com.br\/index.php\/2025\/01\/07\/ministerio-das-comunicacoes-lanca-edital-e-27-cidades-de-pernambuco-podem-contar-com-radios-educativas\/"},"modified":"2025-01-07T21:43:00","modified_gmt":"2025-01-08T00:43:00","slug":"ministerio-das-comunicacoes-lanca-edital-e-27-cidades-de-pernambuco-podem-contar-com-radios-educativas","status":"publish","type":"post","link":"https:\/\/noticiasdestaque.com.br\/index.php\/2025\/01\/07\/ministerio-das-comunicacoes-lanca-edital-e-27-cidades-de-pernambuco-podem-contar-com-radios-educativas\/","title":{"rendered":"Minist\u00e9rio das Comunica\u00e7\u00f5es lan\u00e7a edital e 27 cidades de Pernambuco podem contar com r\u00e1dios educativas"},"content":{"rendered":"<p>\t\t\t\t\t\t\t\t\t\t<audio controls class=\"b61_audio_player\" data-noticia=\"79479\" src=\"https:\/\/brasil61.com\/rails\/active_storage\/blobs\/eyJfcmFpbHMiOnsibWVzc2FnZSI6IkJBaHBBeElsQXc9PSIsImV4cCI6bnVsbCwicHVyIjoiYmxvYl9pZCJ9fQ==--bb419ab23efffbb1fd48ab1c3a64717dc73c81ee\/MCOM250041A\"><\/audio><\/p>\n<p>O Minist\u00e9rio das Comunica\u00e7\u00f5es lan\u00e7ou, no dia 27 de dezembro de 2024, o edital para inscri\u00e7\u00e3o das entidades interessadas em operar r\u00e1dios educativas, em frequ\u00eancia modulada, em 311 munic\u00edpios das cinco regi\u00f5es do pa\u00eds. O edital, com a lista das localidades, pode ser encontrado no site do Minist\u00e9rio das Comunica\u00e7\u00f5es.<\/p>\n<p>Em Pernambuco, poder\u00e3o ser beneficiados moradores de 27 cidades.<\/p>\n<p>As entidades interessadas ter\u00e3o at\u00e9 o dia 21 de mar\u00e7o para efetuar a inscri\u00e7\u00e3o, que dever\u00e1 ser feita, obrigatoriamente, pela <a href=\"https:\/\/www.gov.br\/pt-br\/servicos\/participar-de-edital-para-executar-servicos-de-radio-educativa\">Plataforma <\/a>de Cidadania Digital, do Governo Federal.\u00a0<\/p>\n<p>A Diretora do Departamento de Radiodifus\u00e3o, P\u00fablica, Comunit\u00e1ria e Estatal do Minist\u00e9rio das Comunica\u00e7\u00f5es, Daniela Schettino, explica a relev\u00e2ncia das r\u00e1dios educativas para a popula\u00e7\u00e3o brasileira e a import\u00e2ncia de difundir essas emissoras pelo Brasil.\u00a0<\/p>\n<p>Este \u00e9 o primeiro edital do Plano Nacional de Outorgas de R\u00e1dios Educativas lan\u00e7ado no dia 18 de dezembro. A previs\u00e3o \u00e9 que mais tr\u00eas editais sejam lan\u00e7ados at\u00e9 2026.<\/p>\n<p>Confira os detalhes do edital e a lista de munic\u00edpios contemplados neste <a href=\"https:\/\/www.in.gov.br\/en\/web\/dou\/-\/edital-n-223\/2024\/mcom-604283198\">link<\/a>.<\/p>\n<p>\t\t\t\t\t\t\t\t\t<img loading=\"lazy\" decoding=\"async\" src=\"https:\/\/brasil61.com\/api\/v1\/serve_pixel\/17677\/79479\" alt=\"Pixel Brasil 61\" class=\"b61_pixel\" width=\"0\" height=\"0\"><\/p>\n<input type=\"hidden\" id=\"baseurl\" value=\"https:\/\/noticiasdestaque.com.br\"><input type=\"hidden\" id=\"audio_nonce\" value=\"eb7638fb71\">","protected":false},"excerpt":{"rendered":"<p>Entidades interessadas ter\u00e3o at\u00e9 o dia 21 de mar\u00e7o para efetuar a inscri\u00e7\u00e3o, que dever\u00e1 ser feita, obrigatoriamente, pela Plataforma de Cidadania Digital<\/p>\n","protected":false},"author":1,"featured_media":41002,"comment_status":"open","ping_status":"open","sticky":false,"template":"","format":"standard","meta":{"fifu_image_url":"","fifu_image_alt":"","footnotes":""},"categories":[48],"tags":[],"class_list":["post-41001","post","type-post","status-publish","format-standard","has-post-thumbnail","hentry","category-mundo"],"distributor_meta":false,"distributor_terms":false,"distributor_media":false,"distributor_original_site_name":"Noticias em Destaque","distributor_original_site_url":"https:\/\/noticiasdestaque.com.br","push-errors":false,"_links":{"self":[{"href":"https:\/\/noticiasdestaque.com.br\/index.php\/wp-json\/wp\/v2\/posts\/41001","targetHints":{"allow":["GET"]}}],"collection":[{"href":"https:\/\/noticiasdestaque.com.br\/index.php\/wp-json\/wp\/v2\/posts"}],"about":[{"href":"https:\/\/noticiasdestaque.com.br\/index.php\/wp-json\/wp\/v2\/types\/post"}],"author":[{"embeddable":true,"href":"https:\/\/noticiasdestaque.com.br\/index.php\/wp-json\/wp\/v2\/users\/1"}],"replies":[{"embeddable":true,"href":"https:\/\/noticiasdestaque.com.br\/index.php\/wp-json\/wp\/v2\/comments?post=41001"}],"version-history":[{"count":0,"href":"https:\/\/noticiasdestaque.com.br\/index.php\/wp-json\/wp\/v2\/posts\/41001\/revisions"}],"wp:featuredmedia":[{"embeddable":true,"href":"https:\/\/noticiasdestaque.com.br\/index.php\/wp-json\/wp\/v2\/media\/41002"}],"wp:attachment":[{"href":"https:\/\/noticiasdestaque.com.br\/index.php\/wp-json\/wp\/v2\/media?parent=41001"}],"wp:term":[{"taxonomy":"category","embeddable":true,"href":"https:\/\/noticiasdestaque.com.br\/index.php\/wp-json\/wp\/v2\/categories?post=41001"},{"taxonomy":"post_tag","embeddable":true,"href":"https:\/\/noticiasdestaque.com.br\/index.php\/wp-json\/wp\/v2\/tags?post=41001"}],"curies":[{"name":"wp","href":"https:\/\/api.w.org\/{rel}","templated":true}]}}