{"id":40975,"date":"2025-01-07T20:46:00","date_gmt":"2025-01-07T23:46:00","guid":{"rendered":"https:\/\/noticiasdestaque.com.br\/index.php\/2025\/01\/07\/alagoas-ministerio-das-comunicacoes-lanca-edital-para-radios-educativas-e-taquarana-al-pode-ser-beneficiado\/"},"modified":"2025-01-07T20:46:00","modified_gmt":"2025-01-07T23:46:00","slug":"alagoas-ministerio-das-comunicacoes-lanca-edital-para-radios-educativas-e-taquarana-al-pode-ser-beneficiado","status":"publish","type":"post","link":"https:\/\/noticiasdestaque.com.br\/index.php\/2025\/01\/07\/alagoas-ministerio-das-comunicacoes-lanca-edital-para-radios-educativas-e-taquarana-al-pode-ser-beneficiado\/","title":{"rendered":"ALAGOAS: Minist\u00e9rio das Comunica\u00e7\u00f5es lan\u00e7a edital para r\u00e1dios educativas e Taquarana (AL) pode ser beneficiado"},"content":{"rendered":"<p>\t\t\t\t\t\t\t\t\t\t<audio controls class=\"b61_audio_player\" data-noticia=\"79466\" src=\"https:\/\/brasil61.com\/rails\/active_storage\/blobs\/eyJfcmFpbHMiOnsibWVzc2FnZSI6IkJBaHBBL2drQXc9PSIsImV4cCI6bnVsbCwicHVyIjoiYmxvYl9pZCJ9fQ==--b935b475c584e691e7e86a3542bd9d262933bc63\/MCOM250028A\"><\/audio><\/p>\n<p>O Minist\u00e9rio das Comunica\u00e7\u00f5es lan\u00e7ou, no dia 27 de dezembro de 2024, o edital para inscri\u00e7\u00e3o das entidades interessadas em operar r\u00e1dios educativas, em frequ\u00eancia modulada, em 311 munic\u00edpios das cinco regi\u00f5es do pa\u00eds. O edital, com a lista das localidades, pode ser encontrado no site do Minist\u00e9rio das Comunica\u00e7\u00f5es.<\/p>\n<p>Em Alagoas, moradores da cidade de Taquarana podem ser beneficiados.<\/p>\n<p>As entidades interessadas ter\u00e3o at\u00e9 o dia 21 de mar\u00e7o para efetuar a inscri\u00e7\u00e3o, que dever\u00e1 ser feita, obrigatoriamente, pela <a href=\"https:\/\/www.gov.br\/pt-br\/servicos\/participar-de-edital-para-executar-servicos-de-radio-educativa\">Plataforma de Cidadania Digital, do Governo Federa<\/a>l.\u00a0<\/p>\n<p>A Diretora do Departamento de Radiodifus\u00e3o, P\u00fablica, Comunit\u00e1ria e Estatal do Minist\u00e9rio das Comunica\u00e7\u00f5es, Daniela Schettino, explica a relev\u00e2ncia das r\u00e1dios educativas para a popula\u00e7\u00e3o brasileira e a import\u00e2ncia de difundir essas emissoras pelo Brasil.\u00a0<\/p>\n<p>\nEste \u00e9 o primeiro edital do Plano Nacional de Outorgas de R\u00e1dios Educativas lan\u00e7ado no dia 18 de dezembro. A previs\u00e3o \u00e9 que mais tr\u00eas editais sejam lan\u00e7ados at\u00e9 2026.<\/p>\n<p>Confira os detalhes do edital e a lista de munic\u00edpios contemplados neste <a href=\"https:\/\/www.in.gov.br\/en\/web\/dou\/-\/edital-n-223\/2024\/mcom-604283198\">link\u00a0<\/a>.<\/p>\n<p>\t\t\t\t\t\t\t\t\t<img loading=\"lazy\" decoding=\"async\" src=\"https:\/\/brasil61.com\/api\/v1\/serve_pixel\/17677\/79466\" alt=\"Pixel Brasil 61\" class=\"b61_pixel\" width=\"0\" height=\"0\"><\/p>\n<input type=\"hidden\" id=\"baseurl\" value=\"https:\/\/noticiasdestaque.com.br\"><input type=\"hidden\" id=\"audio_nonce\" value=\"9fd43fe80e\">","protected":false},"excerpt":{"rendered":"<p>Entidades interessadas ter\u00e3o at\u00e9 o dia 21 de mar\u00e7o para efetuar a inscri\u00e7\u00e3o, que dever\u00e1 ser feita, obrigatoriamente, pela Plataforma de Cidadania Digital<\/p>\n","protected":false},"author":1,"featured_media":40976,"comment_status":"open","ping_status":"open","sticky":false,"template":"","format":"standard","meta":{"fifu_image_url":"","fifu_image_alt":"","footnotes":""},"categories":[48],"tags":[],"class_list":["post-40975","post","type-post","status-publish","format-standard","has-post-thumbnail","hentry","category-mundo"],"distributor_meta":false,"distributor_terms":false,"distributor_media":false,"distributor_original_site_name":"Noticias em Destaque","distributor_original_site_url":"https:\/\/noticiasdestaque.com.br","push-errors":false,"_links":{"self":[{"href":"https:\/\/noticiasdestaque.com.br\/index.php\/wp-json\/wp\/v2\/posts\/40975","targetHints":{"allow":["GET"]}}],"collection":[{"href":"https:\/\/noticiasdestaque.com.br\/index.php\/wp-json\/wp\/v2\/posts"}],"about":[{"href":"https:\/\/noticiasdestaque.com.br\/index.php\/wp-json\/wp\/v2\/types\/post"}],"author":[{"embeddable":true,"href":"https:\/\/noticiasdestaque.com.br\/index.php\/wp-json\/wp\/v2\/users\/1"}],"replies":[{"embeddable":true,"href":"https:\/\/noticiasdestaque.com.br\/index.php\/wp-json\/wp\/v2\/comments?post=40975"}],"version-history":[{"count":0,"href":"https:\/\/noticiasdestaque.com.br\/index.php\/wp-json\/wp\/v2\/posts\/40975\/revisions"}],"wp:featuredmedia":[{"embeddable":true,"href":"https:\/\/noticiasdestaque.com.br\/index.php\/wp-json\/wp\/v2\/media\/40976"}],"wp:attachment":[{"href":"https:\/\/noticiasdestaque.com.br\/index.php\/wp-json\/wp\/v2\/media?parent=40975"}],"wp:term":[{"taxonomy":"category","embeddable":true,"href":"https:\/\/noticiasdestaque.com.br\/index.php\/wp-json\/wp\/v2\/categories?post=40975"},{"taxonomy":"post_tag","embeddable":true,"href":"https:\/\/noticiasdestaque.com.br\/index.php\/wp-json\/wp\/v2\/tags?post=40975"}],"curies":[{"name":"wp","href":"https:\/\/api.w.org\/{rel}","templated":true}]}}