{"id":40973,"date":"2025-01-07T20:38:00","date_gmt":"2025-01-07T23:38:00","guid":{"rendered":"https:\/\/noticiasdestaque.com.br\/index.php\/2025\/01\/07\/acre-ministerio-das-comunicacoes-lanca-edital-para-radios-educativas-e-rodrigues-alves-ac-pode-ser-beneficiada\/"},"modified":"2025-01-07T20:38:00","modified_gmt":"2025-01-07T23:38:00","slug":"acre-ministerio-das-comunicacoes-lanca-edital-para-radios-educativas-e-rodrigues-alves-ac-pode-ser-beneficiada","status":"publish","type":"post","link":"https:\/\/noticiasdestaque.com.br\/index.php\/2025\/01\/07\/acre-ministerio-das-comunicacoes-lanca-edital-para-radios-educativas-e-rodrigues-alves-ac-pode-ser-beneficiada\/","title":{"rendered":"ACRE: Minist\u00e9rio das Comunica\u00e7\u00f5es lan\u00e7a edital para r\u00e1dios educativas e Rodrigues Alves (AC) pode ser beneficiada"},"content":{"rendered":"<p>\t\t\t\t\t\t\t\t\t\t<audio controls class=\"b61_audio_player\" data-noticia=\"79465\" src=\"https:\/\/brasil61.com\/rails\/active_storage\/blobs\/eyJfcmFpbHMiOnsibWVzc2FnZSI6IkJBaHBBL1lrQXc9PSIsImV4cCI6bnVsbCwicHVyIjoiYmxvYl9pZCJ9fQ==--93dd458b9fb30d9d46832e5b2069151379072e82\/MCOM250027A\"><\/audio><\/p>\n<p>O Minist\u00e9rio das Comunica\u00e7\u00f5es lan\u00e7ou, no dia 27 de dezembro de 2024, o edital para inscri\u00e7\u00e3o das entidades interessadas em operar r\u00e1dios educativas, em frequ\u00eancia modulada, em 311 munic\u00edpios das cinco regi\u00f5es do pa\u00eds. O edital, com a lista das localidades, pode ser encontrado no site do Minist\u00e9rio das Comunica\u00e7\u00f5es.<\/p>\n<p>No Acre, moradores da cidade de Rodrigues Alves podem ser beneficiados.<br \/>\nAs entidades interessadas ter\u00e3o at\u00e9 o dia 21 de mar\u00e7o para efetuar a inscri\u00e7\u00e3o, que dever\u00e1 ser feita, obrigatoriamente, pela <a href=\"https:\/\/www.gov.br\/pt-br\/servicos\/participar-de-edital-para-executar-servicos-de-radio-educativa\">Plataforma de Cidadania Digital<\/a>, do Governo Federal.<\/p>\n<p>A Diretora do Departamento de Radiodifus\u00e3o, P\u00fablica, Comunit\u00e1ria e Estatal do Minist\u00e9rio das Comunica\u00e7\u00f5es, Daniela Schettino, explica a relev\u00e2ncia das r\u00e1dios educativas para a popula\u00e7\u00e3o brasileira e a import\u00e2ncia de difundir essas emissoras pelo Brasil.\u00a0<\/p>\n<p>&#8220;As r\u00e1dios educativas s\u00e3o muito importantes de terem no pa\u00eds inteiro, em diversas localidades, porque al\u00e9m de trazerem conte\u00fado de informa\u00e7\u00e3o, de utilidade p\u00fablica, tem uma quest\u00e3o tamb\u00e9m educativa. Est\u00e3o sempre vinculadas a alguma universidade, quando a r\u00e1dio n\u00e3o \u00e9 diretamente de uma universidade. Ent\u00e3o, levam produ\u00e7\u00e3o cient\u00edfica, levam conhecimento e levam tamb\u00e9m cultura, claro. Mas tamb\u00e9m uma cultura da regi\u00e3o, uma cultura local. Ent\u00e3o, s\u00e3o extremamente importantes para difundir em todos os locais do pa\u00eds.&#8221;<\/p>\n<p>Este \u00e9 o primeiro edital do Plano Nacional de Outorgas de R\u00e1dios Educativas lan\u00e7ado no dia 18 de dezembro. A previs\u00e3o \u00e9 que mais tr\u00eas editais sejam lan\u00e7ados at\u00e9 2026.<br \/>\nConfira os detalhes do edital e a lista de munic\u00edpios contemplados neste <a href=\"https:\/\/www.in.gov.br\/en\/web\/dou\/-\/edital-n-223\/2024\/mcom-604283198\">link\u00a0<\/a><br \/>\n\u00a0<\/p>\n<p>\t\t\t\t\t\t\t\t\t<img loading=\"lazy\" decoding=\"async\" src=\"https:\/\/brasil61.com\/api\/v1\/serve_pixel\/17677\/79465\" alt=\"Pixel Brasil 61\" class=\"b61_pixel\" width=\"0\" height=\"0\"><\/p>\n<input type=\"hidden\" id=\"baseurl\" value=\"https:\/\/noticiasdestaque.com.br\"><input type=\"hidden\" id=\"audio_nonce\" value=\"9fd43fe80e\">","protected":false},"excerpt":{"rendered":"<p>Entidades interessadas ter\u00e3o at\u00e9 o dia 21 de mar\u00e7o para efetuar a inscri\u00e7\u00e3o, que dever\u00e1 ser feita, obrigatoriamente, pela Plataforma de Cidadania Digital, do Governo Federal<\/p>\n","protected":false},"author":1,"featured_media":40974,"comment_status":"open","ping_status":"open","sticky":false,"template":"","format":"standard","meta":{"fifu_image_url":"","fifu_image_alt":"","footnotes":""},"categories":[48],"tags":[],"class_list":["post-40973","post","type-post","status-publish","format-standard","has-post-thumbnail","hentry","category-mundo"],"distributor_meta":false,"distributor_terms":false,"distributor_media":false,"distributor_original_site_name":"Noticias em Destaque","distributor_original_site_url":"https:\/\/noticiasdestaque.com.br","push-errors":false,"_links":{"self":[{"href":"https:\/\/noticiasdestaque.com.br\/index.php\/wp-json\/wp\/v2\/posts\/40973","targetHints":{"allow":["GET"]}}],"collection":[{"href":"https:\/\/noticiasdestaque.com.br\/index.php\/wp-json\/wp\/v2\/posts"}],"about":[{"href":"https:\/\/noticiasdestaque.com.br\/index.php\/wp-json\/wp\/v2\/types\/post"}],"author":[{"embeddable":true,"href":"https:\/\/noticiasdestaque.com.br\/index.php\/wp-json\/wp\/v2\/users\/1"}],"replies":[{"embeddable":true,"href":"https:\/\/noticiasdestaque.com.br\/index.php\/wp-json\/wp\/v2\/comments?post=40973"}],"version-history":[{"count":0,"href":"https:\/\/noticiasdestaque.com.br\/index.php\/wp-json\/wp\/v2\/posts\/40973\/revisions"}],"wp:featuredmedia":[{"embeddable":true,"href":"https:\/\/noticiasdestaque.com.br\/index.php\/wp-json\/wp\/v2\/media\/40974"}],"wp:attachment":[{"href":"https:\/\/noticiasdestaque.com.br\/index.php\/wp-json\/wp\/v2\/media?parent=40973"}],"wp:term":[{"taxonomy":"category","embeddable":true,"href":"https:\/\/noticiasdestaque.com.br\/index.php\/wp-json\/wp\/v2\/categories?post=40973"},{"taxonomy":"post_tag","embeddable":true,"href":"https:\/\/noticiasdestaque.com.br\/index.php\/wp-json\/wp\/v2\/tags?post=40973"}],"curies":[{"name":"wp","href":"https:\/\/api.w.org\/{rel}","templated":true}]}}