{"id":40969,"date":"2025-01-06T00:03:00","date_gmt":"2025-01-06T03:03:00","guid":{"rendered":"https:\/\/noticiasdestaque.com.br\/index.php\/2025\/01\/06\/fust-ministerio-das-comunicacoes-repassa-r-893-milhoes-ao-bndes-para-financiar-projetos-de-inclusao-digital\/"},"modified":"2025-01-06T00:03:00","modified_gmt":"2025-01-06T03:03:00","slug":"fust-ministerio-das-comunicacoes-repassa-r-893-milhoes-ao-bndes-para-financiar-projetos-de-inclusao-digital","status":"publish","type":"post","link":"https:\/\/noticiasdestaque.com.br\/index.php\/2025\/01\/06\/fust-ministerio-das-comunicacoes-repassa-r-893-milhoes-ao-bndes-para-financiar-projetos-de-inclusao-digital\/","title":{"rendered":"FUST: Minist\u00e9rio das Comunica\u00e7\u00f5es repassa R$ 893 milh\u00f5es ao BNDES para financiar projetos de inclus\u00e3o digital"},"content":{"rendered":"<p>\t\t\t\t\t\t\t\t\t\t<audio controls class=\"b61_audio_player\" data-noticia=\"79406\" src=\"https:\/\/brasil61.com\/rails\/active_storage\/blobs\/eyJfcmFpbHMiOnsibWVzc2FnZSI6IkJBaHBBN2tqQXc9PSIsImV4cCI6bnVsbCwicHVyIjoiYmxvYl9pZCJ9fQ==--a8784234e5083bc915a65fd6775a3232b70b3cf2\/MCOM250026A\"><\/audio><\/p>\n<p>O Minist\u00e9rio das Comunica\u00e7\u00f5es finalizou, no \u00faltimo dia 26 de dezembro,\u00a0uma transfer\u00eancia de R$ 893,3 milh\u00f5es ao Banco Nacional de Desenvolvimento Econ\u00f4mico e Social (BNDES) para viabilizar projetos de inclus\u00e3o digital no pa\u00eds, como para levar conectividade para escolas p\u00fablicas, favelas e \u00e1reas remotas. Os recursos s\u00e3o provenientes do Fundo de Universaliza\u00e7\u00e3o dos Servi\u00e7os de Telecomunica\u00e7\u00f5es (Fust) e correspondem ao ano de 2024.<\/p>\n<p>\u201cEstamos conseguindo ampliar as nossas a\u00e7\u00f5es com este fundo que estava parado h\u00e1 d\u00e9cadas. Com muita dedica\u00e7\u00e3o, conseguimos destrav\u00e1-lo para levar mais internet para a popula\u00e7\u00e3o brasileira. Os valores s\u00e3o aplicados em projetos que fazem parte de um esfor\u00e7o maior do governo Lula para garantir inclus\u00e3o digital e conectividade no Brasil at\u00e9 2026\u201d, disse o ministro das Comunica\u00e7\u00f5es, Juscelino Filho.<\/p>\n<p>A pasta come\u00e7ou o repasse de valores no \u00faltimo dia 24, v\u00e9spera do Natal, com a quantia de R$ 659,1 milh\u00f5es. Nesta quinta, terminou a opera\u00e7\u00e3o com um repasse de R$ 234,2 milh\u00f5es. O saldo ser\u00e1 aplicado na implementa\u00e7\u00e3o das pol\u00edticas p\u00fablicas definidas pelo Minist\u00e9rio das Comunica\u00e7\u00f5es e o Conselho Gestor do Fust (CG Fust). Uma delas \u00e9 a constru\u00e7\u00e3o de rede de transporte de alta capacidade e rede de acesso para escolas p\u00fablicas. Outros j\u00e1 contemplam a manuten\u00e7\u00e3o de conectividade nessas institui\u00e7\u00f5es.<\/p>\n<p>Do total, R$ 883,6 milh\u00f5es e R$ 9,7 milh\u00f5es para projetos n\u00e3o reembols\u00e1veis. Al\u00e9m desse valor, referente a 2024, tamb\u00e9m foram utilizados mais cerca de R$ 88,3 milh\u00f5es para o Edital 166 da Ren\u00fancia Fiscal que selecionou propostas para conectar 15 mil escolas p\u00fablicas do pa\u00eds at\u00e9 2026.<\/p>\n<p>Para o Minist\u00e9rio das Comunica\u00e7\u00f5es, a expans\u00e3o da infraestrutura de telecomunica\u00e7\u00f5es \u00e9 essencial para o desenvolvimento social, digital e econ\u00f4mico do pa\u00eds. Com isso, o Fust fecha 2024 com fomento de R$ 981 milh\u00f5es em projetos de conectividade.<\/p>\n<p><strong>Fust<\/strong><\/p>\n<p>O fundo viabiliza recursos para iniciativas de universaliza\u00e7\u00e3o de servi\u00e7os de telecomunica\u00e7\u00f5es, que n\u00e3o podem ser realizadas com a explora\u00e7\u00e3o eficiente do servi\u00e7o. As principais receitas que comp\u00f5em o Fundo s\u00e3o a contribui\u00e7\u00e3o de 1% sobre a receita operacional bruta, decorrente de presta\u00e7\u00e3o de servi\u00e7os de telecomunica\u00e7\u00f5es nos regimes p\u00fablico e privado e as transfer\u00eancias de recursos provenientes do Fistel (Fundo de Fiscaliza\u00e7\u00e3o das Telecomunica\u00e7\u00f5es).<\/p>\n<p>Os recursos t\u00eam como destina\u00e7\u00e3o empresas prestadoras de servi\u00e7os de telecomunica\u00e7\u00f5es regularmente constitu\u00eddas e outras entidades p\u00fablicas ou privadas cuja atividade seja compat\u00edvel com a finalidade dos projetos.<\/p>\n<p>O BNDES, agente que opera os recursos do Fust, conta com instrumentos n\u00e3o reembols\u00e1veis e reembols\u00e1veis de apoio financeiro.<\/p>\n<p>Fonte: MCOM<\/p>\n<p>\t\t\t\t\t\t\t\t\t<img loading=\"lazy\" decoding=\"async\" src=\"https:\/\/brasil61.com\/api\/v1\/serve_pixel\/17677\/79406\" alt=\"Pixel Brasil 61\" class=\"b61_pixel\" width=\"0\" height=\"0\"><\/p>\n<input type=\"hidden\" id=\"baseurl\" value=\"https:\/\/noticiasdestaque.com.br\"><input type=\"hidden\" id=\"audio_nonce\" value=\"eb7638fb71\">","protected":false},"excerpt":{"rendered":"<p>Recursos dever\u00e3o ser empregados para levar conectividade para escolas p\u00fablicas, favelas e \u00e1reas remotas. S\u00e3o provenientes do Fundo de Universaliza\u00e7\u00e3o dos Servi\u00e7os de Telecomunica\u00e7\u00f5es (Fust) e correspondem ao ano de 2024<\/p>\n","protected":false},"author":1,"featured_media":40970,"comment_status":"open","ping_status":"open","sticky":false,"template":"","format":"standard","meta":{"fifu_image_url":"","fifu_image_alt":"","footnotes":""},"categories":[48],"tags":[],"class_list":["post-40969","post","type-post","status-publish","format-standard","has-post-thumbnail","hentry","category-mundo"],"distributor_meta":false,"distributor_terms":false,"distributor_media":false,"distributor_original_site_name":"Noticias em Destaque","distributor_original_site_url":"https:\/\/noticiasdestaque.com.br","push-errors":false,"_links":{"self":[{"href":"https:\/\/noticiasdestaque.com.br\/index.php\/wp-json\/wp\/v2\/posts\/40969","targetHints":{"allow":["GET"]}}],"collection":[{"href":"https:\/\/noticiasdestaque.com.br\/index.php\/wp-json\/wp\/v2\/posts"}],"about":[{"href":"https:\/\/noticiasdestaque.com.br\/index.php\/wp-json\/wp\/v2\/types\/post"}],"author":[{"embeddable":true,"href":"https:\/\/noticiasdestaque.com.br\/index.php\/wp-json\/wp\/v2\/users\/1"}],"replies":[{"embeddable":true,"href":"https:\/\/noticiasdestaque.com.br\/index.php\/wp-json\/wp\/v2\/comments?post=40969"}],"version-history":[{"count":0,"href":"https:\/\/noticiasdestaque.com.br\/index.php\/wp-json\/wp\/v2\/posts\/40969\/revisions"}],"wp:featuredmedia":[{"embeddable":true,"href":"https:\/\/noticiasdestaque.com.br\/index.php\/wp-json\/wp\/v2\/media\/40970"}],"wp:attachment":[{"href":"https:\/\/noticiasdestaque.com.br\/index.php\/wp-json\/wp\/v2\/media?parent=40969"}],"wp:term":[{"taxonomy":"category","embeddable":true,"href":"https:\/\/noticiasdestaque.com.br\/index.php\/wp-json\/wp\/v2\/categories?post=40969"},{"taxonomy":"post_tag","embeddable":true,"href":"https:\/\/noticiasdestaque.com.br\/index.php\/wp-json\/wp\/v2\/tags?post=40969"}],"curies":[{"name":"wp","href":"https:\/\/api.w.org\/{rel}","templated":true}]}}