{"id":40967,"date":"2025-01-06T00:04:00","date_gmt":"2025-01-06T03:04:00","guid":{"rendered":"https:\/\/noticiasdestaque.com.br\/index.php\/2025\/01\/06\/radios-educativas-lancado-edital-para-novas-emissoras-em-311-municipios-veja-lista-das-cidades-contempladas\/"},"modified":"2025-01-06T00:04:00","modified_gmt":"2025-01-06T03:04:00","slug":"radios-educativas-lancado-edital-para-novas-emissoras-em-311-municipios-veja-lista-das-cidades-contempladas","status":"publish","type":"post","link":"https:\/\/noticiasdestaque.com.br\/index.php\/2025\/01\/06\/radios-educativas-lancado-edital-para-novas-emissoras-em-311-municipios-veja-lista-das-cidades-contempladas\/","title":{"rendered":"R\u00e1dios educativas: lan\u00e7ado edital para novas emissoras em 311 munic\u00edpios; veja lista das cidades contempladas"},"content":{"rendered":"<p>\t\t\t\t\t\t\t\t\t\t<audio controls class=\"b61_audio_player\" data-noticia=\"79405\" src=\"https:\/\/brasil61.com\/rails\/active_storage\/blobs\/eyJfcmFpbHMiOnsibWVzc2FnZSI6IkJBaHBBNG9rQXc9PSIsImV4cCI6bnVsbCwicHVyIjoiYmxvYl9pZCJ9fQ==--79ed7853c85f58b8795d053d7e41cbcce8335648\/MCOM250025A\"><\/audio><\/p>\n<p>O Minist\u00e9rio das Comunica\u00e7\u00f5es lan\u00e7ou o edital de sele\u00e7\u00e3o p\u00fablica para inscri\u00e7\u00e3o das entidades interessadas em executar o servi\u00e7o de radiodifus\u00e3o sonora em frequ\u00eancia modulada (FM), com finalidade exclusivamente educativa, em 311 munic\u00edpios das cinco regi\u00f5es do pa\u00eds.<\/p>\n<p><u>Confira os detalhes do edital e a lista de munic\u00edpios contemplados\u00a0<strong><a data-tippreview-enabled=\"false\" data-tippreview-image=\"\" data-tippreview-title=\"\" href=\"https:\/\/www.in.gov.br\/en\/web\/dou\/-\/edital-n-223\/2024\/mcom-604283198\" target=\"_self\" title=\"\">neste link<\/a><\/strong>.<\/u><\/p>\n<p>\u201cAs r\u00e1dios educativas democratizam a comunica\u00e7\u00e3o e levam cultura e educa\u00e7\u00e3o a todos os lugares do pa\u00eds. Precisamos dar agilidade e incentivar que essas emissoras estejam presentes no maior n\u00famero de localidades poss\u00edvel\u201d, afirmou o ministro das Comunica\u00e7\u00f5es, Juscelino Filho.<\/p>\n<p>Este \u00e9 o primeiro edital do Plano Nacional de Outorgas (PNO) de R\u00e1dios Educativas lan\u00e7ado no \u00faltimo dia 18. Ainda h\u00e1 previs\u00e3o de lan\u00e7amento de mais tr\u00eas editais at\u00e9 2026.<\/p>\n<p>Poder\u00e3o participar do processo seletivo as pessoas jur\u00eddicas de direito p\u00fablico interno, as institui\u00e7\u00f5es de educa\u00e7\u00e3o superior criadas e mantidas pela iniciativa privada, com sede no Brasil e credenciadas pelo Minist\u00e9rio da Educa\u00e7\u00e3o, e as funda\u00e7\u00f5es de direito privado cujos estatutos n\u00e3o contrariem o C\u00f3digo Brasileiro de Telecomunica\u00e7\u00f5es e legisla\u00e7\u00e3o correlata.<\/p>\n<p>A inscri\u00e7\u00e3o dever\u00e1 ser feita, obrigatoriamente, pela Plataforma de Cidadania Digital, por meio do endere\u00e7o eletr\u00f4nico:\u00a0<a data-tippreview-enabled=\"false\" data-tippreview-image=\"\" data-tippreview-title=\"\" href=\"https:\/\/www.gov.br\/pt-br\/servicos\/participar-de-edital-para-executar-servicos-de-radio-educativa\" target=\"_self\" title=\"\">https:\/\/www.gov.br\/pt-br\/servicos\/participar-de-edital-para-executar-servicos-de-radio-educativa<\/a>.<\/p>\n<p>A entidade interessada ter\u00e1 at\u00e9 o dia 21 de mar\u00e7o de 2025 para efetuar sua inscri\u00e7\u00e3o e encaminhar a documenta\u00e7\u00e3o exigida para cada localidade de interesse.<\/p>\n<p>Fonte: MCOM<\/p>\n<p>\t\t\t\t\t\t\t\t\t<img loading=\"lazy\" decoding=\"async\" src=\"https:\/\/brasil61.com\/api\/v1\/serve_pixel\/17677\/79405\" alt=\"Pixel Brasil 61\" class=\"b61_pixel\" width=\"0\" height=\"0\"><\/p>\n<input type=\"hidden\" id=\"baseurl\" value=\"https:\/\/noticiasdestaque.com.br\"><input type=\"hidden\" id=\"audio_nonce\" value=\"eb7638fb71\">","protected":false},"excerpt":{"rendered":"<p>Entidades interessadas ter\u00e3o at\u00e9 o dia 21 de mar\u00e7o de 2025 para inscri\u00e7\u00e3o<\/p>\n","protected":false},"author":1,"featured_media":40968,"comment_status":"open","ping_status":"open","sticky":false,"template":"","format":"standard","meta":{"fifu_image_url":"","fifu_image_alt":"","footnotes":""},"categories":[48],"tags":[],"class_list":["post-40967","post","type-post","status-publish","format-standard","has-post-thumbnail","hentry","category-mundo"],"distributor_meta":false,"distributor_terms":false,"distributor_media":false,"distributor_original_site_name":"Noticias em Destaque","distributor_original_site_url":"https:\/\/noticiasdestaque.com.br","push-errors":false,"_links":{"self":[{"href":"https:\/\/noticiasdestaque.com.br\/index.php\/wp-json\/wp\/v2\/posts\/40967","targetHints":{"allow":["GET"]}}],"collection":[{"href":"https:\/\/noticiasdestaque.com.br\/index.php\/wp-json\/wp\/v2\/posts"}],"about":[{"href":"https:\/\/noticiasdestaque.com.br\/index.php\/wp-json\/wp\/v2\/types\/post"}],"author":[{"embeddable":true,"href":"https:\/\/noticiasdestaque.com.br\/index.php\/wp-json\/wp\/v2\/users\/1"}],"replies":[{"embeddable":true,"href":"https:\/\/noticiasdestaque.com.br\/index.php\/wp-json\/wp\/v2\/comments?post=40967"}],"version-history":[{"count":0,"href":"https:\/\/noticiasdestaque.com.br\/index.php\/wp-json\/wp\/v2\/posts\/40967\/revisions"}],"wp:featuredmedia":[{"embeddable":true,"href":"https:\/\/noticiasdestaque.com.br\/index.php\/wp-json\/wp\/v2\/media\/40968"}],"wp:attachment":[{"href":"https:\/\/noticiasdestaque.com.br\/index.php\/wp-json\/wp\/v2\/media?parent=40967"}],"wp:term":[{"taxonomy":"category","embeddable":true,"href":"https:\/\/noticiasdestaque.com.br\/index.php\/wp-json\/wp\/v2\/categories?post=40967"},{"taxonomy":"post_tag","embeddable":true,"href":"https:\/\/noticiasdestaque.com.br\/index.php\/wp-json\/wp\/v2\/tags?post=40967"}],"curies":[{"name":"wp","href":"https:\/\/api.w.org\/{rel}","templated":true}]}}