{"id":40959,"date":"2024-12-31T00:04:00","date_gmt":"2024-12-31T03:04:00","guid":{"rendered":"https:\/\/noticiasdestaque.com.br\/index.php\/2024\/12\/31\/feriados-saiba-quais-serao-os-dias-oficiais-de-folga-em-2025\/"},"modified":"2024-12-31T00:04:00","modified_gmt":"2024-12-31T03:04:00","slug":"feriados-saiba-quais-serao-os-dias-oficiais-de-folga-em-2025","status":"publish","type":"post","link":"https:\/\/noticiasdestaque.com.br\/index.php\/2024\/12\/31\/feriados-saiba-quais-serao-os-dias-oficiais-de-folga-em-2025\/","title":{"rendered":"Feriados: saiba quais ser\u00e3o os dias oficiais de folga em 2025"},"content":{"rendered":"<p>\t\t\t\t\t\t\t\t\t\t<audio controls class=\"b61_audio_player\" data-noticia=\"79317\" src=\"https:\/\/brasil61.com\/rails\/active_storage\/blobs\/eyJfcmFpbHMiOnsibWVzc2FnZSI6IkJBaHBBNFVoQXc9PSIsImV4cCI6bnVsbCwicHVyIjoiYmxvYl9pZCJ9fQ==--d86dfba980657bf32cc04d55c63685317f92b16c\/BRAS2413240A\"><\/audio><\/p>\n<p>Quem est\u00e1 ansioso por um feriado prolongado para aproveitar o fim de semana ter\u00e1 boas oportunidades de descanso em 2025. O Brasil contar\u00e1 com quatro feriad\u00f5es \u2014 \u00a0os feriados prolongados. Apesar disso, quatro feriados cair\u00e3o no final de semana. As informa\u00e7\u00f5es s\u00e3o do calend\u00e1rio divulgado na edi\u00e7\u00e3o desta segunda-feira (30) do <a href=\"http:\/\/www.in.gov.br\/en\/web\/dou\/-\/portaria-mgi-n-9.783-de-27-de-dezembro-de-2024-604395869\">Di\u00e1rio Oficial da Uni\u00e3o<\/a>.<\/p>\n<p>O primeiro feriad\u00e3o ser\u00e1 no dia 18 de abril, com a Paix\u00e3o de Cristo, que cair\u00e1 em uma sexta-feira. O feriado ser\u00e1\u00a0seguido por outro, o Dia de Tiradentes, em 21 de abril, uma segunda-feira, garantindo ao trabalhador a possibilidade de quatro dias consecutivos de folga.<\/p>\n<p>Al\u00e9m disso, tr\u00eas feriados cair\u00e3o nas quintas-feiras, o que permite ao trabalhador emendar com a sexta-feira e o fim de semana, dependendo da escolha de cada empresa. Esses feriados s\u00e3o: 1\u00ba de maio (Dia do Trabalhador), 20 de novembro (Dia da Consci\u00eancia Negra) e 25 de dezembro (Natal).<\/p>\n<p>Embora muitos considerem o Carnaval um per\u00edodo de folga, a data \u00e9 considerada um ponto facultativo. Ou seja, n\u00e3o \u00e9 uma obriga\u00e7\u00e3o conceder folga aos trabalhadores, a decis\u00e3o fica a cargo de cada empresa ou \u00f3rg\u00e3o p\u00fablico. A comemora\u00e7\u00e3o varia de acordo com cada cidade, mas em 2025, os dias 3 e 4 de mar\u00e7o (segunda e ter\u00e7a-feira) ser\u00e3o pontos facultativos.\u00a0<\/p>\n<p>Confira e programe-se:<\/p>\n<h2>Feriados nacionais em 2024\u00a0<\/h2>\n<ul>\n<li>1\u00ba de janeiro: Confraterniza\u00e7\u00e3o Universal (quarta-feira);<\/li>\n<li>18 de abril: Paix\u00e3o de Cristo (sexta-feira);<\/li>\n<li>21 de abril: Tiradentes (segunda-feira);<\/li>\n<li>1\u00ba de maio: Dia Mundial do Trabalho (quinta-feira);<\/li>\n<li>7 de setembro: Independ\u00eancia do Brasil (domingo);<\/li>\n<li>12 de outubro: Nossa Senhora Aparecida (domingo);<\/li>\n<li>2 de novembro: Finados (domingo);<\/li>\n<li>15 de novembro: Proclama\u00e7\u00e3o da Rep\u00fablica (s\u00e1bado);<\/li>\n<li>20 de novembro: Dia Nacional de Zumbi e da Consci\u00eancia Negra (quinta-feira);<\/li>\n<li>25 de dezembro: Natal (quinta-feira).<\/li>\n<\/ul>\n<h2>Pontos facultativos em 2024:\u00a0<\/h2>\n<ul>\n<li>3 de mar\u00e7o: Carnaval (segunda-feira);<\/li>\n<li>4 de mar\u00e7o: Carnaval (ter\u00e7a-feira);<\/li>\n<li>5 de mar\u00e7o: Quarta-Feira de Cinzas (quarta-feira);<\/li>\n<li>19 de junho: Corpus Christi (quinta-feira);<\/li>\n<li>20 de junho: emenda Corpus Christi (sexta-feira);<\/li>\n<li>28 de outubro: Dia do Servidor P\u00fablico federal (ter\u00e7a-feira);<\/li>\n<li>24 de dezembro: V\u00e9spera do Natal (quarta-feira);<\/li>\n<li>31 de dezembro: V\u00e9spera do Ano Novo (quarta-feira).<\/li>\n<\/ul>\n<p>Al\u00e9m das folgas nacionais, os munic\u00edpios e estados tamb\u00e9m contam com feriados espec\u00edficos. Confira datas em algumas capitais:\u00a0<\/p>\n<p><strong>Bras\u00edlia<\/strong><\/p>\n<ul>\n<li>21 de abril: Anivers\u00e1rio da cidade (segunda-feira)<\/li>\n<\/ul>\n<p><strong>Salvador\u00a0<\/strong><\/p>\n<ul>\n<li>2 de julho: Independ\u00eancia do estado da Bahia (quarta-feira)<\/li>\n<\/ul>\n<p><strong>Manaus\u00a0<\/strong><\/p>\n<ul>\n<li>5 de setembro: Anivers\u00e1rio do estado do Amazonas (sexta-feira)<\/li>\n<\/ul>\n<p><strong>Porto Alegre<\/strong><\/p>\n<ul>\n<li>20 de setembro: Proclama\u00e7\u00e3o Rep\u00fablica Rio-Grandense (s\u00e1bado)<\/li>\n<\/ul>\n<p><strong>Belo Horizonte<\/strong><\/p>\n<ul>\n<li>2 de dezembro &#8211; Anivers\u00e1rio do estado de\u00a0Minas Gerais (ter\u00e7a-feira)<\/li>\n<\/ul>\n<p>\t\t\t\t\t\t\t\t\t<img loading=\"lazy\" decoding=\"async\" src=\"https:\/\/brasil61.com\/api\/v1\/serve_pixel\/17677\/79317\" alt=\"Pixel Brasil 61\" class=\"b61_pixel\" width=\"0\" height=\"0\"><\/p>\n<input type=\"hidden\" id=\"baseurl\" value=\"https:\/\/noticiasdestaque.com.br\"><input type=\"hidden\" id=\"audio_nonce\" value=\"6f73a554f1\">","protected":false},"excerpt":{"rendered":"<p>Este ano, o Brasil contar\u00e1 com quatro feriad\u00f5es: Paix\u00e3o de Cristo e Dia de Tiradentes, Dia do Trabalhador, Dia da Consci\u00eancia Negra e Natal<\/p>\n","protected":false},"author":1,"featured_media":40960,"comment_status":"open","ping_status":"open","sticky":false,"template":"","format":"standard","meta":{"fifu_image_url":"","fifu_image_alt":"","footnotes":""},"categories":[48],"tags":[],"class_list":["post-40959","post","type-post","status-publish","format-standard","has-post-thumbnail","hentry","category-mundo"],"distributor_meta":false,"distributor_terms":false,"distributor_media":false,"distributor_original_site_name":"Noticias em Destaque","distributor_original_site_url":"https:\/\/noticiasdestaque.com.br","push-errors":false,"_links":{"self":[{"href":"https:\/\/noticiasdestaque.com.br\/index.php\/wp-json\/wp\/v2\/posts\/40959","targetHints":{"allow":["GET"]}}],"collection":[{"href":"https:\/\/noticiasdestaque.com.br\/index.php\/wp-json\/wp\/v2\/posts"}],"about":[{"href":"https:\/\/noticiasdestaque.com.br\/index.php\/wp-json\/wp\/v2\/types\/post"}],"author":[{"embeddable":true,"href":"https:\/\/noticiasdestaque.com.br\/index.php\/wp-json\/wp\/v2\/users\/1"}],"replies":[{"embeddable":true,"href":"https:\/\/noticiasdestaque.com.br\/index.php\/wp-json\/wp\/v2\/comments?post=40959"}],"version-history":[{"count":0,"href":"https:\/\/noticiasdestaque.com.br\/index.php\/wp-json\/wp\/v2\/posts\/40959\/revisions"}],"wp:featuredmedia":[{"embeddable":true,"href":"https:\/\/noticiasdestaque.com.br\/index.php\/wp-json\/wp\/v2\/media\/40960"}],"wp:attachment":[{"href":"https:\/\/noticiasdestaque.com.br\/index.php\/wp-json\/wp\/v2\/media?parent=40959"}],"wp:term":[{"taxonomy":"category","embeddable":true,"href":"https:\/\/noticiasdestaque.com.br\/index.php\/wp-json\/wp\/v2\/categories?post=40959"},{"taxonomy":"post_tag","embeddable":true,"href":"https:\/\/noticiasdestaque.com.br\/index.php\/wp-json\/wp\/v2\/tags?post=40959"}],"curies":[{"name":"wp","href":"https:\/\/api.w.org\/{rel}","templated":true}]}}