{"id":40928,"date":"2025-01-06T00:03:00","date_gmt":"2025-01-06T03:03:00","guid":{"rendered":"https:\/\/noticiasdestaque.com.br\/index.php\/2025\/01\/06\/energia-verde-linha-de-credito-do-basa-estimula-producao-de-energia-renovavel-e-apoio-a-praticas-sustentaveis-no-agro\/"},"modified":"2025-01-06T00:03:00","modified_gmt":"2025-01-06T03:03:00","slug":"energia-verde-linha-de-credito-do-basa-estimula-producao-de-energia-renovavel-e-apoio-a-praticas-sustentaveis-no-agro","status":"publish","type":"post","link":"https:\/\/noticiasdestaque.com.br\/index.php\/2025\/01\/06\/energia-verde-linha-de-credito-do-basa-estimula-producao-de-energia-renovavel-e-apoio-a-praticas-sustentaveis-no-agro\/","title":{"rendered":"Energia verde: linha de cr\u00e9dito do BASA estimula produ\u00e7\u00e3o de energia renov\u00e1vel e apoio a pr\u00e1ticas sustent\u00e1veis no agro"},"content":{"rendered":"<p>\t\t\t\t\t\t\t\t\t\t<audio controls class=\"b61_audio_player\" data-noticia=\"79378\" src=\"https:\/\/brasil61.com\/rails\/active_storage\/blobs\/eyJfcmFpbHMiOnsibWVzc2FnZSI6IkJBaHBBNElqQXc9PSIsImV4cCI6bnVsbCwicHVyIjoiYmxvYl9pZCJ9fQ==--11d38324b73beb6dc2a844258f450e849dcc5c3b\/BASA250029A\"><\/audio><\/p>\n<p>A fim de contribuir para o desenvolvimento socioecon\u00f4mico e ambiental da Regi\u00e3o Amaz\u00f4nica, o Banco da Amaz\u00f4nia <a href=\"https:\/\/www.bancoamazonia.com.br\/\" target=\"_blank\">(BASA)<\/a> disponibiliza um <a href=\"https:\/\/www.bancoamazonia.com.br\/rural\/energia-verde\" target=\"_blank\">financiamento voltado para projetos que pretendem investir na chamada energia verde<\/a>. Essa linha de cr\u00e9dito pode ser direcionada \u00e0 implementa\u00e7\u00e3o, bem como ao aprimoramento de sistemas de micro e minigera\u00e7\u00e3o de energia. A previs\u00e3o \u00e9 de que esse financiamento tamb\u00e9m seja apresentado na COP 30, que ocorrer\u00e1 em novembro de 2025, em Bel\u00e9m.<\/p>\n<p>Com isso, o BASA busca fomentar a produ\u00e7\u00e3o de energias renov\u00e1veis e incentivar a redu\u00e7\u00e3o de custos por meio da produ\u00e7\u00e3o pr\u00f3pria de energia limpa. Outro objetivo \u00e9 apoiar atividades agropecu\u00e1rias sustent\u00e1veis, financiando pr\u00e1ticas que respeitem o meio ambiente e promovam o desenvolvimento sustent\u00e1vel.\u00a0<\/p>\n<p>Segundo o gerente executivo de Pessoa Jur\u00eddica e Relacionamento com Bancos do BASA, Luiz Louren\u00e7o de Souza Neto, esse tipo de financiamento, contribui significativamente para o desenvolvimento econ\u00f4mico da regi\u00e3o amaz\u00f4nica. Para ele, investir nessa \u00e1rea representa a constru\u00e7\u00e3o de um meio ambiente mais equilibrado, mantendo os valores econ\u00f4micos e sociais da regi\u00e3o.\u00a0<\/p>\n<p>\u201cAqui se entende como energias renov\u00e1veis o financiamento de energia solar (instala\u00e7\u00e3o de placas fotovoltaicas), e\u00f3lica, biomassa, biog\u00e1s e outras fontes que n\u00e3o agridem o meio ambiente e nem esgotam os recursos naturais. Podem ser financiados tamb\u00e9m ve\u00edculos utilizem energia limpa, como caminh\u00f5es para transporte de produtos que substituam o diesel por g\u00e1s natural\u201d, destaca.<\/p>\n<p><a href=\"https:\/\/brasil61.com\/n\/basa-linhas-de-microcredito-estimulam-pequenos-negocios-na-regiao-amazonica-basa240028\" target=\"_blank\">BASA: linhas de microcr\u00e9dito estimulam pequenos neg\u00f3cios na regi\u00e3o amaz\u00f4nica<\/a><\/p>\n<p><a href=\"https:\/\/brasil61.com\/n\/amabio-basa-atua-em-programa-que-deve-mobilizar-1-bi-de-euros-em-investimentos-na-amazonia-basa240024\" target=\"_blank\">AMABIO: BASA atua em programa que deve mobilizar 1 bi de euros em investimentos na Amaz\u00f4nia<\/a><\/p>\n<p><a href=\"https:\/\/brasil61.com\/n\/basa-apresenta-na-cop29-iniciativas-para-fomentar-atividades-da-agricultura-familiar-e-do-pequeno-empreendedor-basa240026\" target=\"_blank\">BASA apresenta na COP29 iniciativas para fomentar atividades da agricultura familiar e do pequeno empreendedor<\/a><\/p>\n<p>Vale lembrar que esse financiamento tamb\u00e9m engloba a compra de ve\u00edculos el\u00e9tricos, h\u00edbridos ou movidos a energias renov\u00e1veis. \u201cHoje o Banco da Amaz\u00f4nia est\u00e1 aberto a todas as marcas e modelos desse tipo de ve\u00edculo. Lembrando que, no caso das empresas, esses ve\u00edculos devem ser necessariamente utilizados na atividade produtiva, como caminh\u00f5es e \u00f4nibus em empresas de transporte de carga e passageiros por exemplo\u201d, especifica.<\/p>\n<h2>Condi\u00e7\u00f5es de prazos e juros<\/h2>\n<p>De acordo com o Banco da Amaz\u00f4nia, s\u00e3o levadas em conta as taxas de juros rurais dos Fundos Constitucionais de Financiamento (TRFC), que variam de acordo com o porte do empreendimento e a finalidade do cr\u00e9dito.<\/p>\n<p>Souza Neto tamb\u00e9m destaca que o investimento poder\u00e1 ser associado a capital de giro, oferecendo flexibilidade financeira adicional. O investimento associado a capital de giro ser\u00e1 definido com base na capacidade de pagamento do cliente.\u00a0<\/p>\n<p>\u201cEsse tipo de financiamento n\u00e3o tem IOF e por isso \u00e9 muito mais acess\u00edvel e oferece melhores prazos para pagamento. Quando se trata de opera\u00e7\u00f5es amparadas em limite de cr\u00e9dito, elas podem ser contratadas com prazo de at\u00e9 8 anos, podendo incluir at\u00e9 2 anos de car\u00eancia nesse per\u00edodo\u201d, pontua.<\/p>\n<p>O gerente executivo destaca, ainda, que, para o caso de projetos de financiamento, o prazo total \u00e9 de at\u00e9 15 anos, com at\u00e9 4 anos de car\u00eancia para essas linhas de energia verde.\u00a0<\/p>\n<p>\u201cTamb\u00e9m temos a possibilidade de aumentar o prazo de 12 para 15 anos em algumas linhas espec\u00edficas. E quando se trata de projetos de infraestrutura, que s\u00e3o maiores, podemos chegar a prazos de at\u00e9 20 anos, com at\u00e9 8 de car\u00eancia, ou at\u00e9 24 anos com car\u00eancia de at\u00e9 oito anos\u201d, complementa.<\/p>\n<h2>Projetos financiados:<\/h2>\n<ul>\n<li>Micro e minigera\u00e7\u00e3o de energia;<\/li>\n<li>Produ\u00e7\u00e3o de energias renov\u00e1veis para consumo pr\u00f3prio de empreendimentos empresariais;<\/li>\n<li>Transportes verdes.<\/li>\n<\/ul>\n<h2>Veda\u00e7\u00f5es<\/h2>\n<p>Ainda de acordo com Banco da Amaz\u00f4nia, o financiamento \u00e9 vedado a empreendimentos que utilizem m\u00e3o de obra escrava ou an\u00e1loga, m\u00e3o de obra infantil e a explora\u00e7\u00e3o sexual de menores. Al\u00e9m disso, proponentes que n\u00e3o estejam em dia com suas obriga\u00e7\u00f5es trabalhistas s\u00e3o ineleg\u00edveis.\u00a0<\/p>\n<p>O cr\u00e9dito tamb\u00e9m n\u00e3o ser\u00e1 concedido a pessoas inscritas no Cadastro Informativo de Cr\u00e9ditos n\u00e3o Quitados (CADIN), mesmo que na condi\u00e7\u00e3o de avalista ou fiador. Indiv\u00edduos ou entidades cujo CPF ou CNPJ n\u00e3o esteja regularizado junto \u00e0 Receita Federal do Brasil tamb\u00e9m s\u00e3o ineleg\u00edveis<br \/>\n\u00a0<\/p>\n<p>\t\t\t\t\t\t\t\t\t<img loading=\"lazy\" decoding=\"async\" src=\"https:\/\/brasil61.com\/api\/v1\/serve_pixel\/17677\/79378\" alt=\"Pixel Brasil 61\" class=\"b61_pixel\" width=\"0\" height=\"0\"><\/p>\n<input type=\"hidden\" id=\"baseurl\" value=\"https:\/\/noticiasdestaque.com.br\"><input type=\"hidden\" id=\"audio_nonce\" value=\"eb7638fb71\">","protected":false},"excerpt":{"rendered":"<p>Para projetos de financiamento, o prazo total \u00e9 de at\u00e9 15 anos, com at\u00e9 4 anos de car\u00eancia para essas linhas de energia verde<\/p>\n","protected":false},"author":1,"featured_media":40929,"comment_status":"open","ping_status":"open","sticky":false,"template":"","format":"standard","meta":{"fifu_image_url":"","fifu_image_alt":"","footnotes":""},"categories":[59],"tags":[],"class_list":["post-40928","post","type-post","status-publish","format-standard","has-post-thumbnail","hentry","category-economia"],"distributor_meta":false,"distributor_terms":false,"distributor_media":false,"distributor_original_site_name":"Noticias em Destaque","distributor_original_site_url":"https:\/\/noticiasdestaque.com.br","push-errors":false,"_links":{"self":[{"href":"https:\/\/noticiasdestaque.com.br\/index.php\/wp-json\/wp\/v2\/posts\/40928","targetHints":{"allow":["GET"]}}],"collection":[{"href":"https:\/\/noticiasdestaque.com.br\/index.php\/wp-json\/wp\/v2\/posts"}],"about":[{"href":"https:\/\/noticiasdestaque.com.br\/index.php\/wp-json\/wp\/v2\/types\/post"}],"author":[{"embeddable":true,"href":"https:\/\/noticiasdestaque.com.br\/index.php\/wp-json\/wp\/v2\/users\/1"}],"replies":[{"embeddable":true,"href":"https:\/\/noticiasdestaque.com.br\/index.php\/wp-json\/wp\/v2\/comments?post=40928"}],"version-history":[{"count":0,"href":"https:\/\/noticiasdestaque.com.br\/index.php\/wp-json\/wp\/v2\/posts\/40928\/revisions"}],"wp:featuredmedia":[{"embeddable":true,"href":"https:\/\/noticiasdestaque.com.br\/index.php\/wp-json\/wp\/v2\/media\/40929"}],"wp:attachment":[{"href":"https:\/\/noticiasdestaque.com.br\/index.php\/wp-json\/wp\/v2\/media?parent=40928"}],"wp:term":[{"taxonomy":"category","embeddable":true,"href":"https:\/\/noticiasdestaque.com.br\/index.php\/wp-json\/wp\/v2\/categories?post=40928"},{"taxonomy":"post_tag","embeddable":true,"href":"https:\/\/noticiasdestaque.com.br\/index.php\/wp-json\/wp\/v2\/tags?post=40928"}],"curies":[{"name":"wp","href":"https:\/\/api.w.org\/{rel}","templated":true}]}}