{"id":40916,"date":"2024-12-27T00:04:00","date_gmt":"2024-12-27T03:04:00","guid":{"rendered":"https:\/\/noticiasdestaque.com.br\/index.php\/2024\/12\/27\/gripe-aviaria-mesmo-sem-casos-confirmados-no-pais-ministerio-da-saude-lanca-plano-de-contingencia\/"},"modified":"2024-12-27T00:04:00","modified_gmt":"2024-12-27T03:04:00","slug":"gripe-aviaria-mesmo-sem-casos-confirmados-no-pais-ministerio-da-saude-lanca-plano-de-contingencia","status":"publish","type":"post","link":"https:\/\/noticiasdestaque.com.br\/index.php\/2024\/12\/27\/gripe-aviaria-mesmo-sem-casos-confirmados-no-pais-ministerio-da-saude-lanca-plano-de-contingencia\/","title":{"rendered":"Gripe Avi\u00e1ria: mesmo sem casos confirmados no pa\u00eds, Minist\u00e9rio da Sa\u00fade lan\u00e7a plano de conting\u00eancia"},"content":{"rendered":"<p>\t\t\t\t\t\t\t\t\t\t<audio controls class=\"b61_audio_player\" data-noticia=\"79259\" src=\"https:\/\/brasil61.com\/rails\/active_storage\/blobs\/eyJfcmFpbHMiOnsibWVzc2FnZSI6IkJBaHBBMThmQXc9PSIsImV4cCI6bnVsbCwicHVyIjoiYmxvYl9pZCJ9fQ==--00458ef171fe247cc30979dda0613a9862a8e8b8\/BRAS2413222A\"><\/audio><\/p>\n<p>O Brasil n\u00e3o possui nenhum caso confirmado de gripe avi\u00e1ria, mas o Minist\u00e9rio da Sa\u00fade (MS) j\u00e1 se antecipou e lan\u00e7ou o <a href=\"https:\/\/www.gov.br\/saude\/pt-br\/assuntos\/saude-de-a-a-z\/i\/influenza-aviaria\/publicacoes\/plano-de-contingencia-nacional-do-setor-saude-para-influenza-aviaria.pdf\/view\" target=\"_blank\">Plano de Conting\u00eancia Nacional do Setor Sa\u00fade<\/a><a href=\"http:\/\/www.gov.br\/saude\/pt-br\/assuntos\/saude-de-a-a-z\/i\/influenza-aviaria\/publicacoes\/plano-de-contingencia-nacional-do-setor-saude-para-influenza-aviaria.pdf\/view\"> para Influenza Avi\u00e1ria<\/a>. Segundo a Pasta, a iniciativa \u00e9 uma a\u00e7\u00e3o preventiva que visa garantir resposta coordenada e eficaz a poss\u00edveis surtos da doen\u00e7a no pa\u00eds.<\/p>\n<p>O documento estabelece as responsabilidades para as inst\u00e2ncias federal, estadual e municipal e define estrat\u00e9gias de organiza\u00e7\u00e3o para enfrentar emerg\u00eancias relacionadas \u00e0 doen\u00e7a. As a\u00e7\u00f5es previstas incluem atividades integradas de vigil\u00e2ncia epidemiol\u00f3gica, diagn\u00f3stico laboratorial, assist\u00eancia e, ainda, comunica\u00e7\u00e3o em sa\u00fade.\u00a0<\/p>\n<h2>Vigil\u00e2ncia<\/h2>\n<p>Este ano, o MS tamb\u00e9m publicou o <a href=\"https:\/\/www.gov.br\/saude\/pt-br\/centrais-de-conteudo\/publicacoes\/guias-e-manuais\/2024\/guia-influenza-aviaria\" target=\"_blank\">Guia de Vigil\u00e2ncia da Influenza Avi\u00e1ria em Humanos<\/a>, que traz diretrizes para o monitoramento de pessoas expostas a animais suspeitos ou confirmados com influenza avi\u00e1ria (IA), identifica\u00e7\u00e3o precoce de casos suspeitos em humanos, al\u00e9m da implementa\u00e7\u00e3o r\u00e1pida de tratamento para evitar complica\u00e7\u00f5es e mortes.\u00a0<\/p>\n<p>Al\u00e9m disso, o MS tamb\u00e9m refor\u00e7ou o treinamento de profissionais de sa\u00fade e estabeleceu fluxos de comunica\u00e7\u00e3o e articula\u00e7\u00e3o com outras entidades governamentais e internacionais. O objetivo \u00e9 garantir que o pa\u00eds esteja preparado para detectar e enfrentar casos da doen\u00e7a, caso surjam no territ\u00f3rio.<\/p>\n<h2>Gripe avi\u00e1ria<\/h2>\n<p>A IA, tamb\u00e9m conhecida como gripe avi\u00e1ria, \u00e9 uma doen\u00e7a infecciosa, causada pelos v\u00edrus influenza. A doen\u00e7a pode infectar aves e mam\u00edferos, incluindo humanos.<\/p>\n<p>Segundo o MS, quando as aves est\u00e3o infectadas podem disseminar v\u00edrus atrav\u00e9s da saliva, secre\u00e7\u00f5es de mucosas e fezes. A infec\u00e7\u00e3o se d\u00e1 tanto pelo contato direto, como respirar o v\u00edrus contido em got\u00edculas ou part\u00edculas transportadas pelo ar, ou pelo contato com superf\u00edcies contaminadas por ave infectada e depois tocando os pr\u00f3prios olhos, boca ou nariz.<\/p>\n<p>A Pasta destaca que raramente as pessoas contraem a influenza avi\u00e1ria, mas quando isso ocorre, geralmente \u00e9 devido ao contato direto desprotegido, sem uso de equipamentos de prote\u00e7\u00e3o individual como luvas e m\u00e1scaras, com aves infectadas.<br \/>\n\u00a0<\/p>\n<p>\t\t\t\t\t\t\t\t\t<img loading=\"lazy\" decoding=\"async\" src=\"https:\/\/brasil61.com\/api\/v1\/serve_pixel\/17677\/79259\" alt=\"Pixel Brasil 61\" class=\"b61_pixel\" width=\"0\" height=\"0\"><\/p>\n<input type=\"hidden\" id=\"baseurl\" value=\"https:\/\/noticiasdestaque.com.br\"><input type=\"hidden\" id=\"audio_nonce\" value=\"6f73a554f1\">","protected":false},"excerpt":{"rendered":"<p>A\u00e7\u00e3o preventiva visa garantir resposta coordenada e eficaz a poss\u00edveis surtos da doen\u00e7a no Brasil<\/p>\n","protected":false},"author":1,"featured_media":40917,"comment_status":"open","ping_status":"open","sticky":false,"template":"","format":"standard","meta":{"fifu_image_url":"","fifu_image_alt":"","footnotes":""},"categories":[51],"tags":[],"class_list":["post-40916","post","type-post","status-publish","format-standard","has-post-thumbnail","hentry","category-saude"],"distributor_meta":false,"distributor_terms":false,"distributor_media":false,"distributor_original_site_name":"Noticias em Destaque","distributor_original_site_url":"https:\/\/noticiasdestaque.com.br","push-errors":false,"_links":{"self":[{"href":"https:\/\/noticiasdestaque.com.br\/index.php\/wp-json\/wp\/v2\/posts\/40916","targetHints":{"allow":["GET"]}}],"collection":[{"href":"https:\/\/noticiasdestaque.com.br\/index.php\/wp-json\/wp\/v2\/posts"}],"about":[{"href":"https:\/\/noticiasdestaque.com.br\/index.php\/wp-json\/wp\/v2\/types\/post"}],"author":[{"embeddable":true,"href":"https:\/\/noticiasdestaque.com.br\/index.php\/wp-json\/wp\/v2\/users\/1"}],"replies":[{"embeddable":true,"href":"https:\/\/noticiasdestaque.com.br\/index.php\/wp-json\/wp\/v2\/comments?post=40916"}],"version-history":[{"count":0,"href":"https:\/\/noticiasdestaque.com.br\/index.php\/wp-json\/wp\/v2\/posts\/40916\/revisions"}],"wp:featuredmedia":[{"embeddable":true,"href":"https:\/\/noticiasdestaque.com.br\/index.php\/wp-json\/wp\/v2\/media\/40917"}],"wp:attachment":[{"href":"https:\/\/noticiasdestaque.com.br\/index.php\/wp-json\/wp\/v2\/media?parent=40916"}],"wp:term":[{"taxonomy":"category","embeddable":true,"href":"https:\/\/noticiasdestaque.com.br\/index.php\/wp-json\/wp\/v2\/categories?post=40916"},{"taxonomy":"post_tag","embeddable":true,"href":"https:\/\/noticiasdestaque.com.br\/index.php\/wp-json\/wp\/v2\/tags?post=40916"}],"curies":[{"name":"wp","href":"https:\/\/api.w.org\/{rel}","templated":true}]}}