{"id":40914,"date":"2024-12-26T19:00:00","date_gmt":"2024-12-26T22:00:00","guid":{"rendered":"https:\/\/noticiasdestaque.com.br\/index.php\/2024\/12\/26\/bloqueio-de-emendas-prefeitos-dizem-que-medida-afeta-servico-de-saude-nos-municipios\/"},"modified":"2024-12-26T19:00:00","modified_gmt":"2024-12-26T22:00:00","slug":"bloqueio-de-emendas-prefeitos-dizem-que-medida-afeta-servico-de-saude-nos-municipios","status":"publish","type":"post","link":"https:\/\/noticiasdestaque.com.br\/index.php\/2024\/12\/26\/bloqueio-de-emendas-prefeitos-dizem-que-medida-afeta-servico-de-saude-nos-municipios\/","title":{"rendered":"Bloqueio de emendas: prefeitos dizem que medida afeta servi\u00e7o de sa\u00fade nos munic\u00edpios"},"content":{"rendered":"<p>\t\t\t\t\t\t\t\t\t\t<audio controls class=\"b61_audio_player\" data-noticia=\"79258\" src=\"https:\/\/brasil61.com\/rails\/active_storage\/blobs\/eyJfcmFpbHMiOnsibWVzc2FnZSI6IkJBaHBBMkFmQXc9PSIsImV4cCI6bnVsbCwicHVyIjoiYmxvYl9pZCJ9fQ==--6cb90f9e18e80b3516dc4ed28be9119fb6b27ad0\/BRAS2413221A\"><\/audio><\/p>\n<p>A Confedera\u00e7\u00e3o Nacional dos Munic\u00edpios (<a href=\"https:\/\/cnm.org.br\/\" target=\"_blank\">CNM<\/a>) divulgou uma nota para manifestar preocupa\u00e7\u00e3o a respeito do bloqueio de R$ 4,2 bilh\u00f5es em emendas parlamentares do or\u00e7amento da Uni\u00e3o, determinado pelo ministro Fl\u00e1vio Dino do Supremo Tribunal Federal (STF).<\/p>\n<p>A entidade questionou o bloqueio de recursos n\u00e3o oriundos de emendas parlamentares para o custeio da sa\u00fade dos munic\u00edpios j\u00e1 que, segundo a CNM, nestas contas cujo bloqueio foi determinado circulam, principalmente, transfer\u00eancias fundo a fundo que n\u00e3o s\u00e3o oriundas de emendas parlamentares.\u00a0<\/p>\n<p>Na avalia\u00e7\u00e3o da CNM, que chamou a suspens\u00e3o dos pagamentos de abrupta,\u00a0o bloqueio atinge uma grande fatia do or\u00e7amento da sa\u00fade nos munic\u00edpios e gera inseguran\u00e7a \u00e0 continuidade das presta\u00e7\u00f5es de servi\u00e7o em sa\u00fade. Al\u00e9m disso, a entidade frisou que a inseguran\u00e7a ocorre, especialmente, num momento de final de exerc\u00edcio e de mandato nos munic\u00edpios.<\/p>\n<p>A CNM revela preocupa\u00e7\u00e3o em rela\u00e7\u00e3o ao risco de a popula\u00e7\u00e3o ficar desassistida caso o \u00a0bloqueio prossiga. Al\u00e9m disso, a entidade argumenta que a decis\u00e3o do ministro afetou recursos regulares, que passam pelas contas afetadas pelo bloqueio<\/p>\n<p>\u201cN\u00e3o \u00e9 razo\u00e1vel que as mudan\u00e7as a serem implementadas na execu\u00e7\u00e3o de emendas parlamentares paralisem todo um sistema de sa\u00fade fundamental para o Brasil, bloqueando um volume muito maior de recursos que n\u00e3o s\u00e3o origin\u00e1rios de emendas parlamentares\u201d, diz um trecho da nota.<\/p>\n<p>\t\t\t\t\t\t\t\t\t<img loading=\"lazy\" decoding=\"async\" src=\"https:\/\/brasil61.com\/api\/v1\/serve_pixel\/17677\/79258\" alt=\"Pixel Brasil 61\" class=\"b61_pixel\" width=\"0\" height=\"0\"><\/p>\n<input type=\"hidden\" id=\"baseurl\" value=\"https:\/\/noticiasdestaque.com.br\"><input type=\"hidden\" id=\"audio_nonce\" value=\"6f73a554f1\">","protected":false},"excerpt":{"rendered":"<p>Nota da CNM manifesta preocupa\u00e7\u00e3o a respeito do bloqueio de R$ 4,2 bilh\u00f5es em emendas parlamentares, determinado pelo Supremo Tribunal Federal (STF)<\/p>\n","protected":false},"author":1,"featured_media":40915,"comment_status":"open","ping_status":"open","sticky":false,"template":"","format":"standard","meta":{"fifu_image_url":"","fifu_image_alt":"","footnotes":""},"categories":[51],"tags":[],"class_list":["post-40914","post","type-post","status-publish","format-standard","has-post-thumbnail","hentry","category-saude"],"distributor_meta":false,"distributor_terms":false,"distributor_media":false,"distributor_original_site_name":"Noticias em Destaque","distributor_original_site_url":"https:\/\/noticiasdestaque.com.br","push-errors":false,"_links":{"self":[{"href":"https:\/\/noticiasdestaque.com.br\/index.php\/wp-json\/wp\/v2\/posts\/40914","targetHints":{"allow":["GET"]}}],"collection":[{"href":"https:\/\/noticiasdestaque.com.br\/index.php\/wp-json\/wp\/v2\/posts"}],"about":[{"href":"https:\/\/noticiasdestaque.com.br\/index.php\/wp-json\/wp\/v2\/types\/post"}],"author":[{"embeddable":true,"href":"https:\/\/noticiasdestaque.com.br\/index.php\/wp-json\/wp\/v2\/users\/1"}],"replies":[{"embeddable":true,"href":"https:\/\/noticiasdestaque.com.br\/index.php\/wp-json\/wp\/v2\/comments?post=40914"}],"version-history":[{"count":0,"href":"https:\/\/noticiasdestaque.com.br\/index.php\/wp-json\/wp\/v2\/posts\/40914\/revisions"}],"wp:featuredmedia":[{"embeddable":true,"href":"https:\/\/noticiasdestaque.com.br\/index.php\/wp-json\/wp\/v2\/media\/40915"}],"wp:attachment":[{"href":"https:\/\/noticiasdestaque.com.br\/index.php\/wp-json\/wp\/v2\/media?parent=40914"}],"wp:term":[{"taxonomy":"category","embeddable":true,"href":"https:\/\/noticiasdestaque.com.br\/index.php\/wp-json\/wp\/v2\/categories?post=40914"},{"taxonomy":"post_tag","embeddable":true,"href":"https:\/\/noticiasdestaque.com.br\/index.php\/wp-json\/wp\/v2\/tags?post=40914"}],"curies":[{"name":"wp","href":"https:\/\/api.w.org\/{rel}","templated":true}]}}