{"id":40912,"date":"2024-12-26T00:05:00","date_gmt":"2024-12-26T03:05:00","guid":{"rendered":"https:\/\/noticiasdestaque.com.br\/index.php\/2024\/12\/26\/epilepsia-o-que-e-causas-e-tratamento\/"},"modified":"2024-12-26T00:05:00","modified_gmt":"2024-12-26T03:05:00","slug":"epilepsia-o-que-e-causas-e-tratamento","status":"publish","type":"post","link":"https:\/\/noticiasdestaque.com.br\/index.php\/2024\/12\/26\/epilepsia-o-que-e-causas-e-tratamento\/","title":{"rendered":"Epilepsia: o que \u00e9? Causas e tratamento"},"content":{"rendered":"<p>\t\t\t\t\t\t\t\t\t\t<audio controls class=\"b61_audio_player\" data-noticia=\"79251\" src=\"https:\/\/brasil61.com\/rails\/active_storage\/blobs\/eyJfcmFpbHMiOnsibWVzc2FnZSI6IkJBaHBBMEVlQXc9PSIsImV4cCI6bnVsbCwicHVyIjoiYmxvYl9pZCJ9fQ==--0693c87a8074840cd358da8dcc7c45d14e8df93f\/BLOG240645A\"><\/audio><\/p>\n<p>A epilepsia \u00e9 uma condi\u00e7\u00e3o neurol\u00f3gica que afeta cerca de 1% da popula\u00e7\u00e3o mundial, causada por falhas nos sinais el\u00e9tricos entre os neur\u00f4nios. Os sintomas variam conforme a \u00e1rea cerebral afetada, incluindo altera\u00e7\u00f5es visuais, movimentos involunt\u00e1rios, mudan\u00e7as no olfato e no paladar ou convuls\u00f5es.<\/p>\n<p>Nem toda crise epil\u00e9tica indica epilepsia, j\u00e1 que outras condi\u00e7\u00f5es, como sangramentos cerebrais ou traumas, podem causar crises. Identificando sintomas, procure um neurologista para avalia\u00e7\u00e3o.<\/p>\n<p>Veja ao v\u00eddeo com a explica\u00e7\u00e3o do especialista:<\/p>\n<p>\u00a0<\/p>\n<p>https:\/\/youtu.be\/Vuogd3UJuJs?si=tPeFTB31cCCEHh28<\/p>\n<p>Tenha acesso aos conte\u00fados do Doutor Ajuda. Acesse: www.portaldoutorajuda.com.br.<\/p>\n<p>\t\t\t\t\t\t\t\t\t<img loading=\"lazy\" decoding=\"async\" src=\"https:\/\/brasil61.com\/api\/v1\/serve_pixel\/17677\/79251\" alt=\"Pixel Brasil 61\" class=\"b61_pixel\" width=\"0\" height=\"0\"><\/p>\n<input type=\"hidden\" id=\"baseurl\" value=\"https:\/\/noticiasdestaque.com.br\"><input type=\"hidden\" id=\"audio_nonce\" value=\"6f73a554f1\">","protected":false},"excerpt":{"rendered":"<p>Neste epis\u00f3dio, a Neurologista Dra. Paula Azevedo (CRM: 136.176\/ SP, | RQE: 48.685) explica sobre epilepsia<\/p>\n","protected":false},"author":1,"featured_media":40913,"comment_status":"open","ping_status":"open","sticky":false,"template":"","format":"standard","meta":{"fifu_image_url":"","fifu_image_alt":"","footnotes":""},"categories":[51],"tags":[],"class_list":["post-40912","post","type-post","status-publish","format-standard","has-post-thumbnail","hentry","category-saude"],"distributor_meta":false,"distributor_terms":false,"distributor_media":false,"distributor_original_site_name":"Noticias em Destaque","distributor_original_site_url":"https:\/\/noticiasdestaque.com.br","push-errors":false,"_links":{"self":[{"href":"https:\/\/noticiasdestaque.com.br\/index.php\/wp-json\/wp\/v2\/posts\/40912","targetHints":{"allow":["GET"]}}],"collection":[{"href":"https:\/\/noticiasdestaque.com.br\/index.php\/wp-json\/wp\/v2\/posts"}],"about":[{"href":"https:\/\/noticiasdestaque.com.br\/index.php\/wp-json\/wp\/v2\/types\/post"}],"author":[{"embeddable":true,"href":"https:\/\/noticiasdestaque.com.br\/index.php\/wp-json\/wp\/v2\/users\/1"}],"replies":[{"embeddable":true,"href":"https:\/\/noticiasdestaque.com.br\/index.php\/wp-json\/wp\/v2\/comments?post=40912"}],"version-history":[{"count":0,"href":"https:\/\/noticiasdestaque.com.br\/index.php\/wp-json\/wp\/v2\/posts\/40912\/revisions"}],"wp:featuredmedia":[{"embeddable":true,"href":"https:\/\/noticiasdestaque.com.br\/index.php\/wp-json\/wp\/v2\/media\/40913"}],"wp:attachment":[{"href":"https:\/\/noticiasdestaque.com.br\/index.php\/wp-json\/wp\/v2\/media?parent=40912"}],"wp:term":[{"taxonomy":"category","embeddable":true,"href":"https:\/\/noticiasdestaque.com.br\/index.php\/wp-json\/wp\/v2\/categories?post=40912"},{"taxonomy":"post_tag","embeddable":true,"href":"https:\/\/noticiasdestaque.com.br\/index.php\/wp-json\/wp\/v2\/tags?post=40912"}],"curies":[{"name":"wp","href":"https:\/\/api.w.org\/{rel}","templated":true}]}}