{"id":40910,"date":"2024-12-29T00:04:00","date_gmt":"2024-12-29T03:04:00","guid":{"rendered":"https:\/\/noticiasdestaque.com.br\/index.php\/2024\/12\/29\/cancer-de-pele-com-a-chegada-do-verao-prevencao-e-fundamental-para-evitar-a-doenca\/"},"modified":"2024-12-29T00:04:00","modified_gmt":"2024-12-29T03:04:00","slug":"cancer-de-pele-com-a-chegada-do-verao-prevencao-e-fundamental-para-evitar-a-doenca","status":"publish","type":"post","link":"https:\/\/noticiasdestaque.com.br\/index.php\/2024\/12\/29\/cancer-de-pele-com-a-chegada-do-verao-prevencao-e-fundamental-para-evitar-a-doenca\/","title":{"rendered":"C\u00e2ncer de pele: com a chegada do ver\u00e3o, preven\u00e7\u00e3o \u00e9 fundamental para evitar a doen\u00e7a"},"content":{"rendered":"<p>\t\t\t\t\t\t\t\t\t\t<audio controls class=\"b61_audio_player\" data-noticia=\"79227\" src=\"https:\/\/brasil61.com\/rails\/active_storage\/blobs\/eyJfcmFpbHMiOnsibWVzc2FnZSI6IkJBaHBBeGtlQXc9PSIsImV4cCI6bnVsbCwicHVyIjoiYmxvYl9pZCJ9fQ==--9cc6e57f2d8585a34e90a8c7b40e7ab76eae8c33\/BRAS2413216A\"><\/audio><\/p>\n<p>O ver\u00e3o chegou oficialmente no dia 21. Com a maior incid\u00eancia do sol nesse per\u00edodo, \u00e9 necess\u00e1rio tomar cuidados preventivos durante os per\u00edodos de exposi\u00e7\u00e3o solar,\u00a0 a\u00e7\u00e3o\u00a0fundamental para evitar o c\u00e2ncer de pele. Segundo o Minist\u00e9rio da Sa\u00fade, cerca de 65% dos casos desse tipo de c\u00e2ncer s\u00e3o provocados pelos raios ultravioleta, emitidos especialmente pelo sol, mas tamb\u00e9m em algumas atividades industriais.<\/p>\n<p>Estima-se, de acordo com o Instituto Nacional do C\u00e2ncer (Inca), que o Brasil registre 220,5 mil novos casos de c\u00e2ncer de pele n\u00e3o melanoma e 9 mil novos casos de c\u00e2ncer de pele melanoma a cada ano, entre 2023 e 2025. Como o c\u00e2ncer \u00e9 uma doen\u00e7a que n\u00e3o tem notifica\u00e7\u00e3o obrigat\u00f3ria, n\u00e3o h\u00e1 dados precisos de incid\u00eancia, apenas estimativas.<\/p>\n<p>O Minist\u00e9rio da Sa\u00fade informa que, em termos de propor\u00e7\u00e3o da popula\u00e7\u00e3o, o risco estimado de c\u00e2ncer de pele n\u00e3o melanoma \u00e9, em m\u00e9dia, de 102 casos por 100 mil habitantes, sendo 96,5 mil em homens e 107 mil em mulheres. Esses valores correspondem a um risco estimado de 96,5 casos novos a cada 100 mil homens e 107 casos novos a cada 100 mil mulheres.<\/p>\n<h2>Assist\u00eancia no SUS<\/h2>\n<p>No Sistema \u00danico de Sa\u00fade (SUS), h\u00e1 ferramentas de diagn\u00f3stico para c\u00e2ncer de pele em caso de suspeita, bem como diferentes formas de tratamento. Para o diagn\u00f3stico da doen\u00e7a, \u00e9 poss\u00edvel utilizar a dermatoscopia simples ou o mapeamento dermatosc\u00f3pico.<\/p>\n<p>O tratamento, por sua vez, depende do tamanho, gravidade e est\u00e1gio do tumor. Entre os m\u00e9todos mais comuns est\u00e3o: cirurgia, radioterapia, quimioterapia, imunoterapia, terapia alvo e terapia fotodin\u00e2mica.<\/p>\n<p>Apenas em 2023, foram realizadas no SUS mais de 65 mil cirurgias relacionadas ao tratamento do c\u00e2ncer de pele.<\/p>\n<h2>Radia\u00e7\u00e3o ultravioleta<\/h2>\n<p>O principal fator de risco para todos os tipos de c\u00e2ncer de pele \u00e9 a radia\u00e7\u00e3o ultravioleta, que provoca les\u00f5es no DNA. O dano \u00e9 cumulativo.<\/p>\n<p>Confira algumas medidas preventivas:<\/p>\n<ul>\n<li>Evitar exposi\u00e7\u00e3o ao sol no hor\u00e1rio de maior incid\u00eancia de radia\u00e7\u00e3o, entre 10h e 16h;<\/li>\n<li>Caso n\u00e3o possa evitar, utilize filtro solar e roupas adequadas;<\/li>\n<li>Visite um especialista ao menos uma vez por ano.<\/li>\n<\/ul>\n<h2>Melanoma e n\u00e3o melanoma<\/h2>\n<p>De acordo com o Inca, o c\u00e2ncer de pele pode ser classificado como melanoma e n\u00e3o melanoma. O melanoma \u00e9 mais raro, mais agressivo e pode levar \u00e0 morte. J\u00e1 o c\u00e2ncer de pele n\u00e3o melanoma \u00e9 o mais frequente e menos grave, mas tem potencial para causar deforma\u00e7\u00f5es no corpo. \u00c9 importante lembrar que ambos t\u00eam cura se forem descobertos no in\u00edcio.<\/p>\n<p>Os fatores associados ao c\u00e2ncer de pele n\u00e3o melanoma incluem idade, sexo e ocupa\u00e7\u00e3o. Por exemplo: trabalho em fabrica\u00e7\u00e3o de vidros, ind\u00fastria de eletr\u00f4nicos, produ\u00e7\u00e3o e manuseio de \u00f3leo mineral n\u00e3o tratado, metalurgia, entre outros.<\/p>\n<p>De acordo com o Minist\u00e9rio da Sa\u00fade, o uso de medicamentos imunossupressores, como ciclosporina e azatioprina, antif\u00fangicos, como voriconazol, e diur\u00e9ticos, como hidroclorotiazida, associados \u00e0 exposi\u00e7\u00e3o solar, tamb\u00e9m aumentam o risco.<\/p>\n<p>\t\t\t\t\t\t\t\t\t<img loading=\"lazy\" decoding=\"async\" src=\"https:\/\/brasil61.com\/api\/v1\/serve_pixel\/17677\/79227\" alt=\"Pixel Brasil 61\" class=\"b61_pixel\" width=\"0\" height=\"0\"><\/p>\n<input type=\"hidden\" id=\"baseurl\" value=\"https:\/\/noticiasdestaque.com.br\"><input type=\"hidden\" id=\"audio_nonce\" value=\"6f73a554f1\">","protected":false},"excerpt":{"rendered":"<p>Segundo o Minist\u00e9rio da Sa\u00fade, cerca de 65% dos casos desse tipo de c\u00e2ncer s\u00e3o provocados pelos raios ultravioleta, emitidos especialmente pelo sol<\/p>\n","protected":false},"author":1,"featured_media":40911,"comment_status":"open","ping_status":"open","sticky":false,"template":"","format":"standard","meta":{"fifu_image_url":"","fifu_image_alt":"","footnotes":""},"categories":[51],"tags":[],"class_list":["post-40910","post","type-post","status-publish","format-standard","has-post-thumbnail","hentry","category-saude"],"distributor_meta":false,"distributor_terms":false,"distributor_media":false,"distributor_original_site_name":"Noticias em Destaque","distributor_original_site_url":"https:\/\/noticiasdestaque.com.br","push-errors":false,"_links":{"self":[{"href":"https:\/\/noticiasdestaque.com.br\/index.php\/wp-json\/wp\/v2\/posts\/40910","targetHints":{"allow":["GET"]}}],"collection":[{"href":"https:\/\/noticiasdestaque.com.br\/index.php\/wp-json\/wp\/v2\/posts"}],"about":[{"href":"https:\/\/noticiasdestaque.com.br\/index.php\/wp-json\/wp\/v2\/types\/post"}],"author":[{"embeddable":true,"href":"https:\/\/noticiasdestaque.com.br\/index.php\/wp-json\/wp\/v2\/users\/1"}],"replies":[{"embeddable":true,"href":"https:\/\/noticiasdestaque.com.br\/index.php\/wp-json\/wp\/v2\/comments?post=40910"}],"version-history":[{"count":0,"href":"https:\/\/noticiasdestaque.com.br\/index.php\/wp-json\/wp\/v2\/posts\/40910\/revisions"}],"wp:featuredmedia":[{"embeddable":true,"href":"https:\/\/noticiasdestaque.com.br\/index.php\/wp-json\/wp\/v2\/media\/40911"}],"wp:attachment":[{"href":"https:\/\/noticiasdestaque.com.br\/index.php\/wp-json\/wp\/v2\/media?parent=40910"}],"wp:term":[{"taxonomy":"category","embeddable":true,"href":"https:\/\/noticiasdestaque.com.br\/index.php\/wp-json\/wp\/v2\/categories?post=40910"},{"taxonomy":"post_tag","embeddable":true,"href":"https:\/\/noticiasdestaque.com.br\/index.php\/wp-json\/wp\/v2\/tags?post=40910"}],"curies":[{"name":"wp","href":"https:\/\/api.w.org\/{rel}","templated":true}]}}