{"id":40904,"date":"2025-01-03T18:00:00","date_gmt":"2025-01-03T21:00:00","guid":{"rendered":"https:\/\/noticiasdestaque.com.br\/index.php\/2025\/01\/03\/previsao-do-tempo-chuvas-intensas-sao-esperadas-neste-sabado-no-sudeste\/"},"modified":"2025-01-03T18:00:00","modified_gmt":"2025-01-03T21:00:00","slug":"previsao-do-tempo-chuvas-intensas-sao-esperadas-neste-sabado-no-sudeste","status":"publish","type":"post","link":"https:\/\/noticiasdestaque.com.br\/index.php\/2025\/01\/03\/previsao-do-tempo-chuvas-intensas-sao-esperadas-neste-sabado-no-sudeste\/","title":{"rendered":"PREVIS\u00c3O DO TEMPO: Chuvas intensas s\u00e3o esperadas neste s\u00e1bado no Sudeste"},"content":{"rendered":"<p>\t\t\t\t\t\t\t\t\t\t<audio controls class=\"b61_audio_player\" data-noticia=\"79392\" src=\"https:\/\/brasil61.com\/rails\/active_storage\/blobs\/eyJfcmFpbHMiOnsibWVzc2FnZSI6IkJBaHBBOHNqQXc9PSIsImV4cCI6bnVsbCwicHVyIjoiYmxvYl9pZCJ9fQ==--75f140cf107462ee1328ac74284777e458ec81f0\/PTSD253932A\"><\/audio><\/p>\n<p>O sol na regi\u00e3o Sudeste neste s\u00e1bado (4) ser\u00e1 raro. Ele deve aparecer apenas no norte de Minas em cidades pr\u00f3ximas \u00e0 Bahia, como Monte Azul e S\u00e3o Jo\u00e3o do Para\u00edso, onde o calor pode chegar aos 35\u00baC.<\/p>\n<p>Esp\u00edrito Santo, Rio de Janeiro e litoral de S\u00e3o Paulo t\u00eam previs\u00e3o de um dia com pancadas de chuva e trovoadas isoladas, mas o sol deve aparecer entre nuvens. Na capital capixaba faz 34\u00baC de m\u00e1xima\u00a0e na carioca, 36\u00baC. \u00a0Em S\u00e3o Paulo capital a m\u00ednima cai a 20\u00baC, com chuva tamb\u00e9m.\u00a0<\/p>\n<p>Minas Gerais tem aumento da chance de chuva com risco de temporais e alerta do Inmet emitido para o centro-oeste do estado, passando pelo tri\u00e2ngulo, sul e Zona da Mata. Na capital, BH, deve ter chuva e trovoadas e a m\u00ednima deve ser de 19\u00baC.\u00a0<\/p>\n<p>As informa\u00e7\u00f5es s\u00e3o do Inmet<\/p>\n<p>\n\u00a0<\/p>\n<p>\t\t\t\t\t\t\t\t\t<img loading=\"lazy\" decoding=\"async\" src=\"https:\/\/brasil61.com\/api\/v1\/serve_pixel\/17677\/79392\" alt=\"Pixel Brasil 61\" class=\"b61_pixel\" width=\"0\" height=\"0\"><\/p>\n<input type=\"hidden\" id=\"baseurl\" value=\"https:\/\/noticiasdestaque.com.br\"><input type=\"hidden\" id=\"audio_nonce\" value=\"6a24ca502e\">","protected":false},"excerpt":{"rendered":"<p>Apenas parte do litoral capixaba e carioca, al\u00e9m da por\u00e7\u00e3o sul de S\u00e3o Paulo, ficam foram da rota de perigo <\/p>\n","protected":false},"author":1,"featured_media":40905,"comment_status":"open","ping_status":"open","sticky":false,"template":"","format":"standard","meta":{"fifu_image_url":"","fifu_image_alt":"","footnotes":""},"categories":[58],"tags":[],"class_list":["post-40904","post","type-post","status-publish","format-standard","has-post-thumbnail","hentry","category-cotidiano"],"distributor_meta":false,"distributor_terms":false,"distributor_media":false,"distributor_original_site_name":"Noticias em Destaque","distributor_original_site_url":"https:\/\/noticiasdestaque.com.br","push-errors":false,"_links":{"self":[{"href":"https:\/\/noticiasdestaque.com.br\/index.php\/wp-json\/wp\/v2\/posts\/40904","targetHints":{"allow":["GET"]}}],"collection":[{"href":"https:\/\/noticiasdestaque.com.br\/index.php\/wp-json\/wp\/v2\/posts"}],"about":[{"href":"https:\/\/noticiasdestaque.com.br\/index.php\/wp-json\/wp\/v2\/types\/post"}],"author":[{"embeddable":true,"href":"https:\/\/noticiasdestaque.com.br\/index.php\/wp-json\/wp\/v2\/users\/1"}],"replies":[{"embeddable":true,"href":"https:\/\/noticiasdestaque.com.br\/index.php\/wp-json\/wp\/v2\/comments?post=40904"}],"version-history":[{"count":0,"href":"https:\/\/noticiasdestaque.com.br\/index.php\/wp-json\/wp\/v2\/posts\/40904\/revisions"}],"wp:featuredmedia":[{"embeddable":true,"href":"https:\/\/noticiasdestaque.com.br\/index.php\/wp-json\/wp\/v2\/media\/40905"}],"wp:attachment":[{"href":"https:\/\/noticiasdestaque.com.br\/index.php\/wp-json\/wp\/v2\/media?parent=40904"}],"wp:term":[{"taxonomy":"category","embeddable":true,"href":"https:\/\/noticiasdestaque.com.br\/index.php\/wp-json\/wp\/v2\/categories?post=40904"},{"taxonomy":"post_tag","embeddable":true,"href":"https:\/\/noticiasdestaque.com.br\/index.php\/wp-json\/wp\/v2\/tags?post=40904"}],"curies":[{"name":"wp","href":"https:\/\/api.w.org\/{rel}","templated":true}]}}