{"id":40894,"date":"2025-01-04T18:00:00","date_gmt":"2025-01-04T21:00:00","guid":{"rendered":"https:\/\/noticiasdestaque.com.br\/index.php\/2025\/01\/04\/previsao-do-tempo-norte-tera-pancadas-de-chuva-em-todo-o-territorio-neste-domingo-5\/"},"modified":"2025-01-04T18:00:00","modified_gmt":"2025-01-04T21:00:00","slug":"previsao-do-tempo-norte-tera-pancadas-de-chuva-em-todo-o-territorio-neste-domingo-5","status":"publish","type":"post","link":"https:\/\/noticiasdestaque.com.br\/index.php\/2025\/01\/04\/previsao-do-tempo-norte-tera-pancadas-de-chuva-em-todo-o-territorio-neste-domingo-5\/","title":{"rendered":"PREVIS\u00c3O DO TEMPO: Norte ter\u00e1 pancadas de chuva em todo o territ\u00f3rio, neste domingo (5)"},"content":{"rendered":"<p>\t\t\t\t\t\t\t\t\t\t<audio controls class=\"b61_audio_player\" data-noticia=\"79383\" src=\"https:\/\/brasil61.com\/rails\/active_storage\/blobs\/eyJfcmFpbHMiOnsibWVzc2FnZSI6IkJBaHBBNm9qQXc9PSIsImV4cCI6bnVsbCwicHVyIjoiYmxvYl9pZCJ9fQ==--8baa38230f5a0f66bb1b1b2f36e8c8fc9b3b2bad\/PTRN254296A\"><\/audio><\/p>\n<p>A Regi\u00e3o Norte ter\u00e1 pancadas de chuva em todo o territ\u00f3rio, neste domingo (5). Os estados de Rond\u00f4nia, Par\u00e1 e do Amap\u00e1 tamb\u00e9m devem ter c\u00e9u nublado, al\u00e9m das pancadas de chuva.<\/p>\n<p>Amazonas, Acre, Roraima e Tocantins devem ter c\u00e9u com muitas nuvens com pancadas de chuva e trovoadas isoladas ao longo do dia.<\/p>\n<p>A temperatura m\u00ednima prevista \u00e9 de 23\u00b0C, em Palmas. J\u00e1 a m\u00e1xima pode chegar a 37\u00b0C, em Boa Vista. A umidade relativa do ar varia entre 55% e 97%.<\/p>\n<p>As informa\u00e7\u00f5es s\u00e3o do Instituto Nacional de Meteorologia. \u00a0<\/p>\n<p>\u00a0<\/p>\n<p>\t\t\t\t\t\t\t\t\t<img loading=\"lazy\" decoding=\"async\" src=\"https:\/\/brasil61.com\/api\/v1\/serve_pixel\/17677\/79383\" alt=\"Pixel Brasil 61\" class=\"b61_pixel\" width=\"0\" height=\"0\"><\/p>\n<input type=\"hidden\" id=\"baseurl\" value=\"https:\/\/noticiasdestaque.com.br\"><input type=\"hidden\" id=\"audio_nonce\" value=\"581f3017e1\">","protected":false},"excerpt":{"rendered":"<p>RO, PA e AP devem ter c\u00e9u nublado<\/p>\n","protected":false},"author":1,"featured_media":40895,"comment_status":"open","ping_status":"open","sticky":false,"template":"","format":"standard","meta":{"fifu_image_url":"","fifu_image_alt":"","footnotes":""},"categories":[58],"tags":[],"class_list":["post-40894","post","type-post","status-publish","format-standard","has-post-thumbnail","hentry","category-cotidiano"],"distributor_meta":false,"distributor_terms":false,"distributor_media":false,"distributor_original_site_name":"Noticias em Destaque","distributor_original_site_url":"https:\/\/noticiasdestaque.com.br","push-errors":false,"_links":{"self":[{"href":"https:\/\/noticiasdestaque.com.br\/index.php\/wp-json\/wp\/v2\/posts\/40894","targetHints":{"allow":["GET"]}}],"collection":[{"href":"https:\/\/noticiasdestaque.com.br\/index.php\/wp-json\/wp\/v2\/posts"}],"about":[{"href":"https:\/\/noticiasdestaque.com.br\/index.php\/wp-json\/wp\/v2\/types\/post"}],"author":[{"embeddable":true,"href":"https:\/\/noticiasdestaque.com.br\/index.php\/wp-json\/wp\/v2\/users\/1"}],"replies":[{"embeddable":true,"href":"https:\/\/noticiasdestaque.com.br\/index.php\/wp-json\/wp\/v2\/comments?post=40894"}],"version-history":[{"count":0,"href":"https:\/\/noticiasdestaque.com.br\/index.php\/wp-json\/wp\/v2\/posts\/40894\/revisions"}],"wp:featuredmedia":[{"embeddable":true,"href":"https:\/\/noticiasdestaque.com.br\/index.php\/wp-json\/wp\/v2\/media\/40895"}],"wp:attachment":[{"href":"https:\/\/noticiasdestaque.com.br\/index.php\/wp-json\/wp\/v2\/media?parent=40894"}],"wp:term":[{"taxonomy":"category","embeddable":true,"href":"https:\/\/noticiasdestaque.com.br\/index.php\/wp-json\/wp\/v2\/categories?post=40894"},{"taxonomy":"post_tag","embeddable":true,"href":"https:\/\/noticiasdestaque.com.br\/index.php\/wp-json\/wp\/v2\/tags?post=40894"}],"curies":[{"name":"wp","href":"https:\/\/api.w.org\/{rel}","templated":true}]}}