{"id":40888,"date":"2025-01-04T18:00:00","date_gmt":"2025-01-04T21:00:00","guid":{"rendered":"https:\/\/noticiasdestaque.com.br\/index.php\/2025\/01\/04\/previsao-do-tempo-sul-tera-ceu-variando-entre-muitas-e-poucas-nuvens-neste-domingo-5\/"},"modified":"2025-01-04T18:00:00","modified_gmt":"2025-01-04T21:00:00","slug":"previsao-do-tempo-sul-tera-ceu-variando-entre-muitas-e-poucas-nuvens-neste-domingo-5","status":"publish","type":"post","link":"https:\/\/noticiasdestaque.com.br\/index.php\/2025\/01\/04\/previsao-do-tempo-sul-tera-ceu-variando-entre-muitas-e-poucas-nuvens-neste-domingo-5\/","title":{"rendered":"PREVIS\u00c3O DO TEMPO: Sul ter\u00e1 c\u00e9u variando entre muitas e poucas nuvens, neste domingo (5)"},"content":{"rendered":"<p>\t\t\t\t\t\t\t\t\t\t<audio controls class=\"b61_audio_player\" data-noticia=\"79379\" src=\"https:\/\/brasil61.com\/rails\/active_storage\/blobs\/eyJfcmFpbHMiOnsibWVzc2FnZSI6IkJBaHBBNmdqQXc9PSIsImV4cCI6bnVsbCwicHVyIjoiYmxvYl9pZCJ9fQ==--f164593575e5fa249509f464cf270b74514825a6\/PTRS253813A\"><\/audio><\/p>\n<p>Neste domingo (5), a regi\u00e3o Sul do pa\u00eds ter\u00e1 c\u00e9u variando entre muitas e poucas nuvens em praticamente todo o territ\u00f3rio.<\/p>\n<p>J\u00e1 para toda a extens\u00e3o do litoral do Paran\u00e1 at\u00e9 o litoral norte de Santa Catarina h\u00e1 possibilidade de chuva.<\/p>\n<p>A previs\u00e3o \u00e9 de poucas nuvens para todo o Rio Grande do Sul;\u00a0tempo semelhante para as regi\u00f5es oeste do Paran\u00e1 e de Santa Catarina.<\/p>\n<p>Entre as capitais, a temperatura m\u00ednima prevista \u00e9 de 17\u00b0C, em Curitiba e Porto Alegre. J\u00e1 a m\u00e1xima pode chegar a 29\u00b0C, nas tr\u00eas capitais sulistas. A umidade relativa do ar varia entre 30% e 100%.<\/p>\n<p>As informa\u00e7\u00f5es s\u00e3o do Instituto Nacional de Meteorologia. \u00a0<\/p>\n<p>\u00a0<\/p>\n<p>\t\t\t\t\t\t\t\t\t<img loading=\"lazy\" decoding=\"async\" src=\"https:\/\/brasil61.com\/api\/v1\/serve_pixel\/17677\/79379\" alt=\"Pixel Brasil 61\" class=\"b61_pixel\" width=\"0\" height=\"0\"><\/p>\n<input type=\"hidden\" id=\"baseurl\" value=\"https:\/\/noticiasdestaque.com.br\"><input type=\"hidden\" id=\"audio_nonce\" value=\"6a24ca502e\">","protected":false},"excerpt":{"rendered":"<p> H\u00e1 possibilidade de chuva para os litorais do PR e litoral norte de SC<\/p>\n","protected":false},"author":1,"featured_media":40889,"comment_status":"open","ping_status":"open","sticky":false,"template":"","format":"standard","meta":{"fifu_image_url":"","fifu_image_alt":"","footnotes":""},"categories":[58],"tags":[],"class_list":["post-40888","post","type-post","status-publish","format-standard","has-post-thumbnail","hentry","category-cotidiano"],"distributor_meta":false,"distributor_terms":false,"distributor_media":false,"distributor_original_site_name":"Noticias em Destaque","distributor_original_site_url":"https:\/\/noticiasdestaque.com.br","push-errors":false,"_links":{"self":[{"href":"https:\/\/noticiasdestaque.com.br\/index.php\/wp-json\/wp\/v2\/posts\/40888","targetHints":{"allow":["GET"]}}],"collection":[{"href":"https:\/\/noticiasdestaque.com.br\/index.php\/wp-json\/wp\/v2\/posts"}],"about":[{"href":"https:\/\/noticiasdestaque.com.br\/index.php\/wp-json\/wp\/v2\/types\/post"}],"author":[{"embeddable":true,"href":"https:\/\/noticiasdestaque.com.br\/index.php\/wp-json\/wp\/v2\/users\/1"}],"replies":[{"embeddable":true,"href":"https:\/\/noticiasdestaque.com.br\/index.php\/wp-json\/wp\/v2\/comments?post=40888"}],"version-history":[{"count":0,"href":"https:\/\/noticiasdestaque.com.br\/index.php\/wp-json\/wp\/v2\/posts\/40888\/revisions"}],"wp:featuredmedia":[{"embeddable":true,"href":"https:\/\/noticiasdestaque.com.br\/index.php\/wp-json\/wp\/v2\/media\/40889"}],"wp:attachment":[{"href":"https:\/\/noticiasdestaque.com.br\/index.php\/wp-json\/wp\/v2\/media?parent=40888"}],"wp:term":[{"taxonomy":"category","embeddable":true,"href":"https:\/\/noticiasdestaque.com.br\/index.php\/wp-json\/wp\/v2\/categories?post=40888"},{"taxonomy":"post_tag","embeddable":true,"href":"https:\/\/noticiasdestaque.com.br\/index.php\/wp-json\/wp\/v2\/tags?post=40888"}],"curies":[{"name":"wp","href":"https:\/\/api.w.org\/{rel}","templated":true}]}}