{"id":40884,"date":"2025-01-04T00:03:00","date_gmt":"2025-01-04T03:03:00","guid":{"rendered":"https:\/\/noticiasdestaque.com.br\/index.php\/2025\/01\/04\/ldo-2025-vetos-a-lei-incluem-trechos-sobre-emendas-parlamentares-e-fundo-partidario\/"},"modified":"2025-01-04T00:03:00","modified_gmt":"2025-01-04T03:03:00","slug":"ldo-2025-vetos-a-lei-incluem-trechos-sobre-emendas-parlamentares-e-fundo-partidario","status":"publish","type":"post","link":"https:\/\/noticiasdestaque.com.br\/index.php\/2025\/01\/04\/ldo-2025-vetos-a-lei-incluem-trechos-sobre-emendas-parlamentares-e-fundo-partidario\/","title":{"rendered":"LDO 2025: Vetos \u00e0 lei incluem trechos sobre emendas parlamentares e Fundo Partid\u00e1rio"},"content":{"rendered":"<p>\t\t\t\t\t\t\t\t\t\t<audio controls class=\"b61_audio_player\" data-noticia=\"79377\" src=\"https:\/\/brasil61.com\/rails\/active_storage\/blobs\/eyJfcmFpbHMiOnsibWVzc2FnZSI6IkJBaHBBOVlqQXc9PSIsImV4cCI6bnVsbCwicHVyIjoiYmxvYl9pZCJ9fQ==--5b1aff9fb417aeafd2900e1b75bd288c1252383f\/BRAS2513250A\"><\/audio><\/p>\n<p>O presidente Lula sancionou, com 35 vetos, a Lei de Diretrizes Or\u00e7ament\u00e1rias de 2025, mas a lei or\u00e7ament\u00e1ria deste ano s\u00f3 ser\u00e1 votada na volta do recesso parlamentar, em fevereiro. Apesar do adiantamento da vota\u00e7\u00e3o, que ocorreu por conta das prioridades do Congresso no fim de 2024,\u00a0o andamento da m\u00e1quina p\u00fablica este ano n\u00e3o ser\u00e1 prejudicado, j\u00e1 que a aprova\u00e7\u00e3o da LDO garante essa continuidade.\u00a0<\/p>\n<p>No projeto aprovado pelo presidente\u00a0n\u00e3o h\u00e1 metas espec\u00edficas para 2025, por isso, ser\u00e3o seguidas as prioridades gen\u00e9ricas, que est\u00e3o previstas no Plano Plurianual (PPA) para 2024-2027, como:<\/p>\n<ul>\n<li>combate \u00e0 fome e redu\u00e7\u00e3o das desigualdades;<\/li>\n<li>educa\u00e7\u00e3o b\u00e1sica;<\/li>\n<li>sa\u00fade;<\/li>\n<li>Programa de Acelera\u00e7\u00e3o do Crescimento \u2014 Novo PAC;<\/li>\n<li>neoindustrializa\u00e7\u00e3o, trabalho, emprego e renda;<\/li>\n<li>combate ao desmatamento; e<\/li>\n<li>enfrentamento da emerg\u00eancia clim\u00e1tica.<\/li>\n<\/ul>\n<h2>35 vetos<\/h2>\n<p>Entre os vetos mais importantes ao projeto enviado para o Executivo est\u00e1 o ao trecho que limitava a possibilidade de bloqueio ou contingenciamento \u00e0s emendas parlamentares n\u00e3o impositivas. Segundo justificativa do Planalto, o trecho foi vetado pois contraria decis\u00e3o do STF ao n\u00e3o prever expressamente as duas modalidades de emendas: individuais e de bancadas.<\/p>\n<p>Outro trecho importante que foi vetado pelo Executivo diz respeito ao Fundo Partid\u00e1rio. O projeto que saiu do Congresso previa que os valores destinados ao Fundo deveriam crescer na mesma propor\u00e7\u00e3o da arrecada\u00e7\u00e3o fiscal. Mas esse trecho\u00a0vem de encontro ao novo arcabou\u00e7o fiscal e tamb\u00e9m ao interesse p\u00fablico, justificou o Planalto.<\/p>\n<h2>Meta fiscal e novo sal\u00e1rio m\u00ednimo<\/h2>\n<p>No texto aprovado pelo presidente Lula, a meta fiscal \u00e9 considerada &#8220;neutra&#8221; e a meta de zerar o d\u00e9ficit prim\u00e1rio este ano est\u00e1 mantida. Mas h\u00e1 uma margem de toler\u00e2ncia de 0,25% do produto interno bruto (PIB) para mais ou para menos. Essa margem corresponde a um d\u00e9ficit ou super\u00e1vit de at\u00e9 R$ 30,9 bilh\u00f5es.\u00a0<\/p>\n<p>J\u00e1 o novo valor do sal\u00e1rio m\u00ednimo ficou em \u00a0R$ 1.518 gra\u00e7as a um decreto presidencial que suplantou o valor inicial previsto pela LDO, que era de R$ 1.502.\u00a0<br \/>\n\u00a0<\/p>\n<p>\t\t\t\t\t\t\t\t\t<img loading=\"lazy\" decoding=\"async\" src=\"https:\/\/brasil61.com\/api\/v1\/serve_pixel\/17677\/79377\" alt=\"Pixel Brasil 61\" class=\"b61_pixel\" width=\"0\" height=\"0\"><\/p>\n<input type=\"hidden\" id=\"baseurl\" value=\"https:\/\/noticiasdestaque.com.br\"><input type=\"hidden\" id=\"audio_nonce\" value=\"6a24ca502e\">","protected":false},"excerpt":{"rendered":"<p>Texto aprovado tem meta fiscal \u201cneutra\u201d e crescimento de valores para Fundo Partid\u00e1rio \u00e9 vetado <\/p>\n","protected":false},"author":1,"featured_media":40885,"comment_status":"open","ping_status":"open","sticky":false,"template":"","format":"standard","meta":{"fifu_image_url":"","fifu_image_alt":"","footnotes":""},"categories":[59],"tags":[],"class_list":["post-40884","post","type-post","status-publish","format-standard","has-post-thumbnail","hentry","category-economia"],"distributor_meta":false,"distributor_terms":false,"distributor_media":false,"distributor_original_site_name":"Noticias em Destaque","distributor_original_site_url":"https:\/\/noticiasdestaque.com.br","push-errors":false,"_links":{"self":[{"href":"https:\/\/noticiasdestaque.com.br\/index.php\/wp-json\/wp\/v2\/posts\/40884","targetHints":{"allow":["GET"]}}],"collection":[{"href":"https:\/\/noticiasdestaque.com.br\/index.php\/wp-json\/wp\/v2\/posts"}],"about":[{"href":"https:\/\/noticiasdestaque.com.br\/index.php\/wp-json\/wp\/v2\/types\/post"}],"author":[{"embeddable":true,"href":"https:\/\/noticiasdestaque.com.br\/index.php\/wp-json\/wp\/v2\/users\/1"}],"replies":[{"embeddable":true,"href":"https:\/\/noticiasdestaque.com.br\/index.php\/wp-json\/wp\/v2\/comments?post=40884"}],"version-history":[{"count":0,"href":"https:\/\/noticiasdestaque.com.br\/index.php\/wp-json\/wp\/v2\/posts\/40884\/revisions"}],"wp:featuredmedia":[{"embeddable":true,"href":"https:\/\/noticiasdestaque.com.br\/index.php\/wp-json\/wp\/v2\/media\/40885"}],"wp:attachment":[{"href":"https:\/\/noticiasdestaque.com.br\/index.php\/wp-json\/wp\/v2\/media?parent=40884"}],"wp:term":[{"taxonomy":"category","embeddable":true,"href":"https:\/\/noticiasdestaque.com.br\/index.php\/wp-json\/wp\/v2\/categories?post=40884"},{"taxonomy":"post_tag","embeddable":true,"href":"https:\/\/noticiasdestaque.com.br\/index.php\/wp-json\/wp\/v2\/tags?post=40884"}],"curies":[{"name":"wp","href":"https:\/\/api.w.org\/{rel}","templated":true}]}}