{"id":40880,"date":"2025-01-05T00:01:00","date_gmt":"2025-01-05T03:01:00","guid":{"rendered":"https:\/\/noticiasdestaque.com.br\/index.php\/2025\/01\/05\/simples-nacional-prazo-para-adesao-termina-no-fim-de-janeiro\/"},"modified":"2025-01-05T00:01:00","modified_gmt":"2025-01-05T03:01:00","slug":"simples-nacional-prazo-para-adesao-termina-no-fim-de-janeiro","status":"publish","type":"post","link":"https:\/\/noticiasdestaque.com.br\/index.php\/2025\/01\/05\/simples-nacional-prazo-para-adesao-termina-no-fim-de-janeiro\/","title":{"rendered":"Simples Nacional: prazo para ades\u00e3o termina no fim de janeiro"},"content":{"rendered":"<p>\t\t\t\t\t\t\t\t\t\t<audio controls class=\"b61_audio_player\" data-noticia=\"79359\" src=\"https:\/\/brasil61.com\/rails\/active_storage\/blobs\/eyJfcmFpbHMiOnsibWVzc2FnZSI6IkJBaHBBMkFqQXc9PSIsImV4cCI6bnVsbCwicHVyIjoiYmxvYl9pZCJ9fQ==--ae8d3685a8da20fb3866b35ee37e10e9a8a3fa94\/BRAS2513245A\"><\/audio><\/p>\n<p>Vai at\u00e9 o pr\u00f3ximo dia 31 o prazo para os contribuintes que se enquadram nas regras do Simples Nacional possam aderir ao regime. Todo o processo \u00e9 feito pelo <a href=\"http:\/\/www8.receita.fazenda.gov.br\/simplesnacional\/\">portal do Simples<\/a> e vale tanto para novas empresas quanto para as que foram exclu\u00eddas em 2024 mas pretendem voltar ao regime. Isso vale at\u00e9 mesmo para quem n\u00e3o conseguiu regularizar os d\u00e9bitos entre os dias 30 de setembro e 4 de outubro do ano passado.<\/p>\n<h2>Nova oportunidade para quem foi exclu\u00eddo<\/h2>\n<p>Em 2024, 1,8 milh\u00e3o de contribuintes receberam da Receita Federal o Termo de Exclus\u00e3o por falta de quita\u00e7\u00e3o de d\u00e9bitos, mas quem quitou o que devia no prazo previsto vai continuar inserido no regime de forma autom\u00e1tica.\u00a0<\/p>\n<p>J\u00e1 quem n\u00e3o conseguiu regularizar as pend\u00eancias \u2014 que somam 1,5 milh\u00e3o de contribuintes \u2014 foi exclu\u00eddo\u00a0desde o dia 1\u00ba de janeiro. Para saber se voc\u00ea foi um deles, basta acessar a p\u00e1gina &#8220;<a href=\"https:\/\/www8.receita.fazenda.gov.br\/SimplesNacional\/aplicacoes.aspx?id=21\">Consulta Optantes<\/a>&#8220;, para saber qual a sua situa\u00e7\u00e3o.\u00a0<\/p>\n<h2>Simples em n\u00fameros<\/h2>\n<p>O Brasil tem hoje cerca de 23,4 milh\u00f5es de contribuintes inclu\u00eddos no regime de tributa\u00e7\u00e3o do Simples Nacional. Desse total, 16 milh\u00f5es s\u00e3o microempreendedores individuais (MEI).<\/p>\n<p>Segundo a Receita Federal, at\u00e9 o fim do prazo para ingresso no Simples \u2014 31 de janeiro \u2014 o n\u00famero de pedidos previsto \u00e9 de 1,2 milh\u00e3o.\u00a0<br \/>\n\u00a0<\/p>\n<p>\t\t\t\t\t\t\t\t\t<img loading=\"lazy\" decoding=\"async\" src=\"https:\/\/brasil61.com\/api\/v1\/serve_pixel\/17677\/79359\" alt=\"Pixel Brasil 61\" class=\"b61_pixel\" width=\"0\" height=\"0\"><\/p>\n<input type=\"hidden\" id=\"baseurl\" value=\"https:\/\/noticiasdestaque.com.br\"><input type=\"hidden\" id=\"audio_nonce\" value=\"581f3017e1\">","protected":false},"excerpt":{"rendered":"<p>Prazo vale para novos contribuintes, pra quem quiser reingressar no regime ou mesmo para quem foi exclu\u00eddo em 2024<\/p>\n","protected":false},"author":1,"featured_media":40881,"comment_status":"open","ping_status":"open","sticky":false,"template":"","format":"standard","meta":{"fifu_image_url":"","fifu_image_alt":"","footnotes":""},"categories":[59],"tags":[],"class_list":["post-40880","post","type-post","status-publish","format-standard","has-post-thumbnail","hentry","category-economia"],"distributor_meta":false,"distributor_terms":false,"distributor_media":false,"distributor_original_site_name":"Noticias em Destaque","distributor_original_site_url":"https:\/\/noticiasdestaque.com.br","push-errors":false,"_links":{"self":[{"href":"https:\/\/noticiasdestaque.com.br\/index.php\/wp-json\/wp\/v2\/posts\/40880","targetHints":{"allow":["GET"]}}],"collection":[{"href":"https:\/\/noticiasdestaque.com.br\/index.php\/wp-json\/wp\/v2\/posts"}],"about":[{"href":"https:\/\/noticiasdestaque.com.br\/index.php\/wp-json\/wp\/v2\/types\/post"}],"author":[{"embeddable":true,"href":"https:\/\/noticiasdestaque.com.br\/index.php\/wp-json\/wp\/v2\/users\/1"}],"replies":[{"embeddable":true,"href":"https:\/\/noticiasdestaque.com.br\/index.php\/wp-json\/wp\/v2\/comments?post=40880"}],"version-history":[{"count":0,"href":"https:\/\/noticiasdestaque.com.br\/index.php\/wp-json\/wp\/v2\/posts\/40880\/revisions"}],"wp:featuredmedia":[{"embeddable":true,"href":"https:\/\/noticiasdestaque.com.br\/index.php\/wp-json\/wp\/v2\/media\/40881"}],"wp:attachment":[{"href":"https:\/\/noticiasdestaque.com.br\/index.php\/wp-json\/wp\/v2\/media?parent=40880"}],"wp:term":[{"taxonomy":"category","embeddable":true,"href":"https:\/\/noticiasdestaque.com.br\/index.php\/wp-json\/wp\/v2\/categories?post=40880"},{"taxonomy":"post_tag","embeddable":true,"href":"https:\/\/noticiasdestaque.com.br\/index.php\/wp-json\/wp\/v2\/tags?post=40880"}],"curies":[{"name":"wp","href":"https:\/\/api.w.org\/{rel}","templated":true}]}}