{"id":40834,"date":"2024-12-30T18:00:00","date_gmt":"2024-12-30T21:00:00","guid":{"rendered":"https:\/\/noticiasdestaque.com.br\/index.php\/2024\/12\/30\/previsao-do-tempo-2025-comeca-com-ceu-nublado-e-chuva-no-rj-e-es-nesta-quarta-feira-1o\/"},"modified":"2024-12-30T18:00:00","modified_gmt":"2024-12-30T21:00:00","slug":"previsao-do-tempo-2025-comeca-com-ceu-nublado-e-chuva-no-rj-e-es-nesta-quarta-feira-1o","status":"publish","type":"post","link":"https:\/\/noticiasdestaque.com.br\/index.php\/2024\/12\/30\/previsao-do-tempo-2025-comeca-com-ceu-nublado-e-chuva-no-rj-e-es-nesta-quarta-feira-1o\/","title":{"rendered":"PREVIS\u00c3O DO TEMPO: 2025 come\u00e7a com c\u00e9u nublado e chuva no RJ e ES, nesta quarta-feira (1\u00ba)"},"content":{"rendered":"<p>\t\t\t\t\t\t\t\t\t\t<audio controls class=\"b61_audio_player\" data-noticia=\"79313\" src=\"https:\/\/brasil61.com\/rails\/active_storage\/blobs\/eyJfcmFpbHMiOnsibWVzc2FnZSI6IkJBaHBBNGdoQXc9PSIsImV4cCI6bnVsbCwicHVyIjoiYmxvYl9pZCJ9fQ==--1260cf8378213258b135b20c0b7a871e4f4240ae\/PTSD243928A\"><\/audio><\/p>\n<p>Nesta quarta-feira (1\u00ba), o Sudeste come\u00e7a 2025 com c\u00e9u coberto de nuvens em todos os estados. Est\u00e3o previstas pancadas de chuva com trovoadas isoladas no estado do Rio de Janeiro, Esp\u00edrito Santo e em grande parte de Minas Gerais.<\/p>\n<p>A previs\u00e3o tamb\u00e9m indica possibilidade de chuvas isoladas para o estado de S\u00e3o Paulo.<\/p>\n<p>Entre as capitais, m\u00ednimas de 19\u00baC em Belo Horizonte (MG) e de 17\u00baC em S\u00e3o Paulo (SP). M\u00e1ximas de 31\u00baC no Rio de Janeiro (RJ) e de 32\u00baC em Vit\u00f3ria (ES).\u00a0<\/p>\n<p>As informa\u00e7\u00f5es s\u00e3o do Instituto Nacional de Meteorologia.\u00a0<\/p>\n<p>\t\t\t\t\t\t\t\t\t<img loading=\"lazy\" decoding=\"async\" src=\"https:\/\/brasil61.com\/api\/v1\/serve_pixel\/17677\/79313\" alt=\"Pixel Brasil 61\" class=\"b61_pixel\" width=\"0\" height=\"0\"><\/p>\n<input type=\"hidden\" id=\"baseurl\" value=\"https:\/\/noticiasdestaque.com.br\"><input type=\"hidden\" id=\"audio_nonce\" value=\"5128c810d9\">","protected":false},"excerpt":{"rendered":"<p>Entre as capitais da Regi\u00e3o Sudeste, m\u00ednimas de 19\u00baC em Belo Horizonte (MG) e de 17\u00baC em S\u00e3o Paulo (SP). M\u00e1ximas de 31\u00baC no Rio de Janeiro (RJ) e de 32\u00baC em Vit\u00f3ria (ES). <\/p>\n","protected":false},"author":1,"featured_media":40835,"comment_status":"open","ping_status":"open","sticky":false,"template":"","format":"standard","meta":{"fifu_image_url":"","fifu_image_alt":"","footnotes":""},"categories":[58],"tags":[],"class_list":["post-40834","post","type-post","status-publish","format-standard","has-post-thumbnail","hentry","category-cotidiano"],"distributor_meta":false,"distributor_terms":false,"distributor_media":false,"distributor_original_site_name":"Noticias em Destaque","distributor_original_site_url":"https:\/\/noticiasdestaque.com.br","push-errors":false,"_links":{"self":[{"href":"https:\/\/noticiasdestaque.com.br\/index.php\/wp-json\/wp\/v2\/posts\/40834","targetHints":{"allow":["GET"]}}],"collection":[{"href":"https:\/\/noticiasdestaque.com.br\/index.php\/wp-json\/wp\/v2\/posts"}],"about":[{"href":"https:\/\/noticiasdestaque.com.br\/index.php\/wp-json\/wp\/v2\/types\/post"}],"author":[{"embeddable":true,"href":"https:\/\/noticiasdestaque.com.br\/index.php\/wp-json\/wp\/v2\/users\/1"}],"replies":[{"embeddable":true,"href":"https:\/\/noticiasdestaque.com.br\/index.php\/wp-json\/wp\/v2\/comments?post=40834"}],"version-history":[{"count":0,"href":"https:\/\/noticiasdestaque.com.br\/index.php\/wp-json\/wp\/v2\/posts\/40834\/revisions"}],"wp:featuredmedia":[{"embeddable":true,"href":"https:\/\/noticiasdestaque.com.br\/index.php\/wp-json\/wp\/v2\/media\/40835"}],"wp:attachment":[{"href":"https:\/\/noticiasdestaque.com.br\/index.php\/wp-json\/wp\/v2\/media?parent=40834"}],"wp:term":[{"taxonomy":"category","embeddable":true,"href":"https:\/\/noticiasdestaque.com.br\/index.php\/wp-json\/wp\/v2\/categories?post=40834"},{"taxonomy":"post_tag","embeddable":true,"href":"https:\/\/noticiasdestaque.com.br\/index.php\/wp-json\/wp\/v2\/tags?post=40834"}],"curies":[{"name":"wp","href":"https:\/\/api.w.org\/{rel}","templated":true}]}}