{"id":40812,"date":"2024-12-30T00:06:00","date_gmt":"2024-12-30T03:06:00","guid":{"rendered":"https:\/\/noticiasdestaque.com.br\/index.php\/2024\/12\/30\/calendario-pis-pasep-2025-confira-datas-dos-pagamentos\/"},"modified":"2024-12-30T00:06:00","modified_gmt":"2024-12-30T03:06:00","slug":"calendario-pis-pasep-2025-confira-datas-dos-pagamentos","status":"publish","type":"post","link":"https:\/\/noticiasdestaque.com.br\/index.php\/2024\/12\/30\/calendario-pis-pasep-2025-confira-datas-dos-pagamentos\/","title":{"rendered":"Calend\u00e1rio PIS\/PASEP 2025: confira datas dos pagamentos"},"content":{"rendered":"<p>\t\t\t\t\t\t\t\t\t\t<audio controls class=\"b61_audio_player\" data-noticia=\"79278\" src=\"https:\/\/brasil61.com\/rails\/active_storage\/blobs\/eyJfcmFpbHMiOnsibWVzc2FnZSI6IkJBaHBBN1VnQXc9PSIsImV4cCI6bnVsbCwicHVyIjoiYmxvYl9pZCJ9fQ==--d7f4a17806bab9b99b9c9c678ce42f620b113de0\/BRAS2413227A\"><\/audio><\/p>\n<p>O Conselho Deliberativo do Fundo de Amparo ao Trabalhador (Codefat) aprovou o calend\u00e1rio de pagamentos do abono salarial, por meio do PIS\/Pasep, para o exerc\u00edcio de 2025, proposto pelo Minist\u00e9rio do Trabalho e Emprego. A estimativa da Pasta \u00e9 de que 25,8 milh\u00f5es de trabalhadores sejam beneficiados, com um total de R$ 30,7 bilh\u00f5es disponibilizados para o programa. O primeiro pagamento do abono ser\u00e1 realizado em 17 de fevereiro para os nascidos em janeiro.\u00a0<\/p>\n<p><a href=\"https:\/\/brasil61.com\/n\/pis-pasep-veja-como-fica-o-pagamento-do-abono-com-as-mudancas-aprovadas-pelo-senado-bras2413198\" target=\"_blank\">PIS\/PASEP: veja como fica o pagamento do abono com as mudan\u00e7as aprovadas pelo Senado<\/a><\/p>\n<p>Segundo o MTE, os valores estar\u00e3o dispon\u00edveis para saque at\u00e9 o encerramento do calend\u00e1rio, em 29 de dezembro de 2025.\u00a0<\/p>\n<p>Para receber o benef\u00edcio, o trabalhador deve ter sido informado pelo empregador na\u00a0Rela\u00e7\u00e3o Anual de Informa\u00e7\u00f5es Sociais (Rais)\u00a0at\u00e9 o dia 15 de maio de 2024 e no eSocial at\u00e9 o dia 19 de agosto deste ano. Os trabalhadores cujos empregadores tenham prestado as informa\u00e7\u00f5es ap\u00f3s essas datas receber\u00e3o o benef\u00edcio no pr\u00f3ximo exerc\u00edcio.<\/p>\n<p>Confira o calend\u00e1rio do abono salarial em 2025:<\/p>\n<p><img decoding=\"async\" style=\"width:100%\" alt=\"\" src=\"https:\/\/noticiasdestaque.com.br\/wp-content\/uploads\/2024\/12\/CalendrioPISPASEP2025confiradatasdospagamentos_0372106001735628591.jpeg\" \/><\/p>\n<p>Fonte: MTE\u00a0<\/p>\n<p>Os trabalhadores poder\u00e3o consultar se t\u00eam direito ao Abono Salarial a\u00a0partir do dia 5 de fevereiro de 2025. As informa\u00e7\u00f5es estar\u00e3o dispon\u00edveis na Carteira de Trabalho Digital, no portal GOV.BR, na Central de Atendimento Al\u00f4 Trabalho (telefone 158), com liga\u00e7\u00e3o gratuita das 7h \u00e0s 22h, de segunda a s\u00e1bado, exceto em feriados nacionais, e nas unidades das Superintend\u00eancias Regionais do Trabalho.<\/p>\n<h2>Abono salarial<\/h2>\n<p>O benef\u00edcio abrange profissionais da iniciativa privada e servidores p\u00fablicos que trabalharam formalmente por, no m\u00ednimo, 30 dias no ano-base de 2023, com uma remunera\u00e7\u00e3o de at\u00e9 dois sal\u00e1rios m\u00ednimos (R$ 2.640,00). \u00c9 necess\u00e1rio, ainda, estar inscrito no programa h\u00e1 pelo menos cinco anos e que o empregador tenha fornecido os dados corretos na RAIS ou no eSocial. O valor do abono varia conforme o n\u00famero de meses trabalhados no ano-base e pode chegar a at\u00e9 um sal\u00e1rio m\u00ednimo.<\/p>\n<h2>2024<\/h2>\n<p>Em 2024, foram liberados R$ 27 bilh\u00f5es para o pagamento do benef\u00edcio. At\u00e9 o fechamento desta edi\u00e7\u00e3o, ainda estavam dispon\u00edveis R$ 218,9 milh\u00f5es para 239.142 trabalhadores que n\u00e3o haviam sacado o abono e tinham at\u00e9 o fim do expediente banc\u00e1rio desta sexta-feira, 27 de dezembro, para realizar o saque.\u00a0<\/p>\n<p>\u00a0<\/p>\n<p>\u00a0<\/p>\n<p>\u00a0<\/p>\n<p>\u00a0<\/p>\n<p>\t\t\t\t\t\t\t\t\t<img loading=\"lazy\" decoding=\"async\" src=\"https:\/\/brasil61.com\/api\/v1\/serve_pixel\/17677\/79278\" alt=\"Pixel Brasil 61\" class=\"b61_pixel\" width=\"0\" height=\"0\"><\/p>\n<input type=\"hidden\" id=\"baseurl\" value=\"https:\/\/noticiasdestaque.com.br\"><input type=\"hidden\" id=\"audio_nonce\" value=\"5128c810d9\">","protected":false},"excerpt":{"rendered":"<p>R$ 30,7 bilh\u00f5es ser\u00e3o disponibilizados para pagamento do benef\u00edcio a cerca de 25,8 milh\u00f5es de trabalhadores<\/p>\n","protected":false},"author":1,"featured_media":40813,"comment_status":"open","ping_status":"open","sticky":false,"template":"","format":"standard","meta":{"fifu_image_url":"","fifu_image_alt":"","footnotes":""},"categories":[59],"tags":[],"class_list":["post-40812","post","type-post","status-publish","format-standard","has-post-thumbnail","hentry","category-economia"],"distributor_meta":false,"distributor_terms":false,"distributor_media":false,"distributor_original_site_name":"Noticias em Destaque","distributor_original_site_url":"https:\/\/noticiasdestaque.com.br","push-errors":false,"_links":{"self":[{"href":"https:\/\/noticiasdestaque.com.br\/index.php\/wp-json\/wp\/v2\/posts\/40812","targetHints":{"allow":["GET"]}}],"collection":[{"href":"https:\/\/noticiasdestaque.com.br\/index.php\/wp-json\/wp\/v2\/posts"}],"about":[{"href":"https:\/\/noticiasdestaque.com.br\/index.php\/wp-json\/wp\/v2\/types\/post"}],"author":[{"embeddable":true,"href":"https:\/\/noticiasdestaque.com.br\/index.php\/wp-json\/wp\/v2\/users\/1"}],"replies":[{"embeddable":true,"href":"https:\/\/noticiasdestaque.com.br\/index.php\/wp-json\/wp\/v2\/comments?post=40812"}],"version-history":[{"count":0,"href":"https:\/\/noticiasdestaque.com.br\/index.php\/wp-json\/wp\/v2\/posts\/40812\/revisions"}],"wp:featuredmedia":[{"embeddable":true,"href":"https:\/\/noticiasdestaque.com.br\/index.php\/wp-json\/wp\/v2\/media\/40813"}],"wp:attachment":[{"href":"https:\/\/noticiasdestaque.com.br\/index.php\/wp-json\/wp\/v2\/media?parent=40812"}],"wp:term":[{"taxonomy":"category","embeddable":true,"href":"https:\/\/noticiasdestaque.com.br\/index.php\/wp-json\/wp\/v2\/categories?post=40812"},{"taxonomy":"post_tag","embeddable":true,"href":"https:\/\/noticiasdestaque.com.br\/index.php\/wp-json\/wp\/v2\/tags?post=40812"}],"curies":[{"name":"wp","href":"https:\/\/api.w.org\/{rel}","templated":true}]}}