{"id":40809,"date":"2024-12-29T14:03:00","date_gmt":"2024-12-29T17:03:00","guid":{"rendered":"https:\/\/noticiasdestaque.com.br\/index.php\/2024\/12\/29\/meis-renegociacao-de-divida-pelo-desenrola-pequenos-negocios-termina-nesta-terca-feira-31\/"},"modified":"2024-12-29T14:03:00","modified_gmt":"2024-12-29T17:03:00","slug":"meis-renegociacao-de-divida-pelo-desenrola-pequenos-negocios-termina-nesta-terca-feira-31","status":"publish","type":"post","link":"https:\/\/noticiasdestaque.com.br\/index.php\/2024\/12\/29\/meis-renegociacao-de-divida-pelo-desenrola-pequenos-negocios-termina-nesta-terca-feira-31\/","title":{"rendered":"MEIs: renegocia\u00e7\u00e3o de d\u00edvida pelo Desenrola Pequenos Neg\u00f3cios termina nesta ter\u00e7a-feira (31)"},"content":{"rendered":"<p>\t\t\t\t\t\t\t\t\t\t<audio controls class=\"b61_audio_player\" data-noticia=\"79271\" src=\"https:\/\/brasil61.com\/rails\/active_storage\/blobs\/eyJfcmFpbHMiOnsibWVzc2FnZSI6IkJBaHBBeDRnQXc9PSIsImV4cCI6bnVsbCwicHVyIjoiYmxvYl9pZCJ9fQ==--dbb667f1b04b6293eb3284a31513714b2dd3670f\/BRAS2413226A\"><\/audio><\/p>\n<p>As empresas com d\u00edvidas banc\u00e1rias t\u00eam at\u00e9 o pr\u00f3ximo dia 31 de dezembro para renegociarem suas pend\u00eancias financeiras por meio do programa Desenrola Pequenos Neg\u00f3cios. A a\u00e7\u00e3o integra o Programa Acredita, do governo federal, e \u00e9 voltada para microempreendedores individuais (MEI), micro e pequenas empresas. Segundo o Minist\u00e9rio da Fazenda, at\u00e9 o momento mais de 95 mil opera\u00e7\u00f5es foram realizadas e possibilitaram a renegocia\u00e7\u00e3o de cerca de R$ 6 bilh\u00f5es.<\/p>\n<p>Pelo Desenrola Pequenos Neg\u00f3cios, o financiamento acontece direto pelo sistema financeiro, com incentivos tribut\u00e1rios do governo para estimular os bancos a renegociarem as d\u00edvidas com o setor. Inclusive, os descontos variam de 20% a 95% do valor total do d\u00e9bito.<\/p>\n<h2>Programa Acredita<\/h2>\n<p>O Programa Acredita, do governo federal, conta com a atua\u00e7\u00e3o conjunta do Sebrae para ampliar o acesso das micro e pequenas empresas ao cr\u00e9dito.<\/p>\n<p>Por meio do Fundo de Aval para Micro e Pequena Empresa (Fampe), cerca de 30 institui\u00e7\u00f5es banc\u00e1rias de todo o pa\u00eds est\u00e3o aptas a ofertar os recursos que foram estimulados com o aporte de R$ 2 bilh\u00f5es do Sebrae.<\/p>\n<p>De acordo com o Sebrae, o montante viabilizar\u00e1 R$ 30 bilh\u00f5es em opera\u00e7\u00f5es de cr\u00e9dito nos pr\u00f3ximos tr\u00eas anos.\u00a0<\/p>\n<p>\n\u00a0<\/p>\n<p>\t\t\t\t\t\t\t\t\t<img loading=\"lazy\" decoding=\"async\" src=\"https:\/\/brasil61.com\/api\/v1\/serve_pixel\/17677\/79271\" alt=\"Pixel Brasil 61\" class=\"b61_pixel\" width=\"0\" height=\"0\"><\/p>\n<input type=\"hidden\" id=\"baseurl\" value=\"https:\/\/noticiasdestaque.com.br\"><input type=\"hidden\" id=\"audio_nonce\" value=\"6f73a554f1\">","protected":false},"excerpt":{"rendered":"<p>Minist\u00e9rio da Fazenda aponta que at\u00e9 o momento mais de R$ 6 bilh\u00f5es foram renegociados por meio da iniciativa <\/p>\n","protected":false},"author":1,"featured_media":40810,"comment_status":"open","ping_status":"open","sticky":false,"template":"","format":"standard","meta":{"fifu_image_url":"","fifu_image_alt":"","footnotes":""},"categories":[59],"tags":[],"class_list":["post-40809","post","type-post","status-publish","format-standard","has-post-thumbnail","hentry","category-economia"],"distributor_meta":false,"distributor_terms":false,"distributor_media":false,"distributor_original_site_name":"Noticias em Destaque","distributor_original_site_url":"https:\/\/noticiasdestaque.com.br","push-errors":false,"_links":{"self":[{"href":"https:\/\/noticiasdestaque.com.br\/index.php\/wp-json\/wp\/v2\/posts\/40809","targetHints":{"allow":["GET"]}}],"collection":[{"href":"https:\/\/noticiasdestaque.com.br\/index.php\/wp-json\/wp\/v2\/posts"}],"about":[{"href":"https:\/\/noticiasdestaque.com.br\/index.php\/wp-json\/wp\/v2\/types\/post"}],"author":[{"embeddable":true,"href":"https:\/\/noticiasdestaque.com.br\/index.php\/wp-json\/wp\/v2\/users\/1"}],"replies":[{"embeddable":true,"href":"https:\/\/noticiasdestaque.com.br\/index.php\/wp-json\/wp\/v2\/comments?post=40809"}],"version-history":[{"count":0,"href":"https:\/\/noticiasdestaque.com.br\/index.php\/wp-json\/wp\/v2\/posts\/40809\/revisions"}],"wp:featuredmedia":[{"embeddable":true,"href":"https:\/\/noticiasdestaque.com.br\/index.php\/wp-json\/wp\/v2\/media\/40810"}],"wp:attachment":[{"href":"https:\/\/noticiasdestaque.com.br\/index.php\/wp-json\/wp\/v2\/media?parent=40809"}],"wp:term":[{"taxonomy":"category","embeddable":true,"href":"https:\/\/noticiasdestaque.com.br\/index.php\/wp-json\/wp\/v2\/categories?post=40809"},{"taxonomy":"post_tag","embeddable":true,"href":"https:\/\/noticiasdestaque.com.br\/index.php\/wp-json\/wp\/v2\/tags?post=40809"}],"curies":[{"name":"wp","href":"https:\/\/api.w.org\/{rel}","templated":true}]}}