{"id":40807,"date":"2024-12-30T00:01:00","date_gmt":"2024-12-30T03:01:00","guid":{"rendered":"https:\/\/noticiasdestaque.com.br\/index.php\/2024\/12\/30\/brasil-registra-recorde-historico-com-mais-de-21-milhoes-de-passageiros-em-voos-internacionais\/"},"modified":"2024-12-30T00:01:00","modified_gmt":"2024-12-30T03:01:00","slug":"brasil-registra-recorde-historico-com-mais-de-21-milhoes-de-passageiros-em-voos-internacionais","status":"publish","type":"post","link":"https:\/\/noticiasdestaque.com.br\/index.php\/2024\/12\/30\/brasil-registra-recorde-historico-com-mais-de-21-milhoes-de-passageiros-em-voos-internacionais\/","title":{"rendered":"Brasil registra recorde hist\u00f3rico com mais de 2,1 milh\u00f5es de passageiros em voos internacionais"},"content":{"rendered":"<p>\t\t\t\t\t\t\t\t\t\t<audio controls class=\"b61_audio_player\" data-noticia=\"79270\" src=\"https:\/\/brasil61.com\/rails\/active_storage\/blobs\/eyJfcmFpbHMiOnsibWVzc2FnZSI6IkJBaHBBMzhnQXc9PSIsImV4cCI6bnVsbCwicHVyIjoiYmxvYl9pZCJ9fQ==--7c248d35c3d7bf9eb9004200f6ac2f2552427fa7\/MPOR240010A\"><\/audio><\/p>\n<p>Em novembro, a avia\u00e7\u00e3o civil brasileira bateu um recorde hist\u00f3rico, transportando mais de 2,1 milh\u00f5es de passageiros em voos internacionais. O n\u00famero representa um salto de 14% em rela\u00e7\u00e3o ao mesmo per\u00edodo de 2023, quando 1,8 milh\u00e3o de pessoas viajaram para o exterior. \u00a0O indicador continua em alta pelo 44\u00ba m\u00eas consecutivo. Os dados foram divulgados pelo Minist\u00e9rio de Portos e Aeroportos.<\/p>\n<p>Apenas em novembro, cerca de 12 mil voos internacionais foram realizados. No acumulado do ano, o indicador cresceu 15,6%.<\/p>\n<p>Para o ministro da Pasta, Silvio Costa Filho, 2024 foi um ano de \u201csucesso\u201d na avia\u00e7\u00e3o internacional, com previs\u00e3o de ser o melhor da ind\u00fastria do turismo. Ele atribui os bons resultados \u00e0s a\u00e7\u00f5es adotadas pelos setores p\u00fablico e privado, como o lan\u00e7amento do Programa de Acelera\u00e7\u00e3o do Turismo Internacional (Pati), que promove o Brasil no mercado internacional.<\/p>\n<p>\u201cA cada quatro turistas que chegam no Brasil, \u00e9 um emprego que \u00e9 gerado. Essa \u00e9 uma ind\u00fastria limpa, que gera empregos r\u00e1pidos que, de fato, consolida ainda mais o fortalecimento da economia brasileira\u201d, afirma.<\/p>\n<p>Entre janeiro e novembro deste ano, mais de 22,6 milh\u00f5es de pessoas sa\u00edram dos aeroportos brasileiros rumo ao exterior \u2014 um aumento de 17% em compara\u00e7\u00e3o ao mesmo per\u00edodo do ano passado. Chile, Portugal, Argentina e Estados Unidos s\u00e3o os destinos preferidos de quem viaja tendo o Brasil como origem e\/ou destino.<\/p>\n<p>A escritora e mission\u00e1ria Jully Mac\u00eado, 30, mora em Bras\u00edlia (DF). Ela relembra que realizou a primeira viagem internacional em abril deste ano, rumo \u00e0 Inglaterra, para apoiar uma das bases do movimento internacional Jovens Com Uma Miss\u00e3o (Jocum).<br \/>\n&#8220;Minha experi\u00eancia foi boa. Mesmo na classe econ\u00f4mica, notei um grande cuidado, especialmente com a alimenta\u00e7\u00e3o. Recebemos duas refei\u00e7\u00f5es completas, que foram satisfat\u00f3rias. Eu realmente me senti segura para viajar. Foi uma viagem longa, de 11 horas at\u00e9 a Alemanha, e da Alemanha para a Inglaterra&#8221;, explica.<\/p>\n<p>Jully Mac\u00eado retornou ao Brasil em setembro e j\u00e1 planeja realizar mais duas viagens internacionais: uma para os Estados Unidos e outra para a Rep\u00fablica da Coreia.<\/p>\n<h2>Voos dom\u00e9sticos<\/h2>\n<p>Os voos internacionais est\u00e3o em alta, mas os dom\u00e9sticos n\u00e3o ficam atr\u00e1s. Em novembro, 8 milh\u00f5es de passageiros voaram pelo Brasil, um aumento de 6% em rela\u00e7\u00e3o ao mesmo per\u00edodo de 2023, o melhor valor para o m\u00eas desde 2019. A oferta de voos tamb\u00e9m cresceu (6,5%), com destaque para as regi\u00f5es Sudeste e Nordeste.<\/p>\n<p>De janeiro a novembro, a avia\u00e7\u00e3o brasileira civil j\u00e1 transportou mais de 107 milh\u00f5es de pessoas \u2014 considerando a movimenta\u00e7\u00e3o total. Esse \u00e9 o maior volume registrado para o per\u00edodo desde que a s\u00e9rie hist\u00f3rica come\u00e7ou, em 2000. Os dados s\u00e3o do painel de Demanda e Oferta, divulgado pela Ag\u00eancia Nacional de Avia\u00e7\u00e3o Civil.<\/p>\n<p>Al\u00e9m disso, dados da Associa\u00e7\u00e3o Internacional de Transportes A\u00e9reos (Iata) mostram que o Brasil \u00e9 um destaque no cen\u00e1rio global. Em termos de voos dom\u00e9sticos, \u00e9 o quarto maior do mundo \u2014 atr\u00e1s apenas de Estados Unidos, China e Jap\u00e3o \u2014, representando 12% do total mundial. O pa\u00eds apresentou crescimento de 6,6% nas opera\u00e7\u00f5es nacionais, valor maior que a m\u00e9dia global, que ficou em 5,6%.<\/p>\n<p>\t\t\t\t\t\t\t\t\t<img loading=\"lazy\" decoding=\"async\" src=\"https:\/\/brasil61.com\/api\/v1\/serve_pixel\/17677\/79270\" alt=\"Pixel Brasil 61\" class=\"b61_pixel\" width=\"0\" height=\"0\"><\/p>\n<input type=\"hidden\" id=\"baseurl\" value=\"https:\/\/noticiasdestaque.com.br\"><input type=\"hidden\" id=\"audio_nonce\" value=\"5128c810d9\">","protected":false},"excerpt":{"rendered":"<p>O Ministro dos Portos e Aeroportos, Silvio Costa Filho, destaca que n\u00famero \u00e9 resultado de a\u00e7\u00f5es adotadas pelos setores p\u00fablico e privado, como o lan\u00e7amento do Programa de Acelera\u00e7\u00e3o do Turismo Internacional (Pati)<\/p>\n","protected":false},"author":1,"featured_media":40808,"comment_status":"open","ping_status":"open","sticky":false,"template":"","format":"standard","meta":{"fifu_image_url":"","fifu_image_alt":"","footnotes":""},"categories":[59],"tags":[],"class_list":["post-40807","post","type-post","status-publish","format-standard","has-post-thumbnail","hentry","category-economia"],"distributor_meta":false,"distributor_terms":false,"distributor_media":false,"distributor_original_site_name":"Noticias em Destaque","distributor_original_site_url":"https:\/\/noticiasdestaque.com.br","push-errors":false,"_links":{"self":[{"href":"https:\/\/noticiasdestaque.com.br\/index.php\/wp-json\/wp\/v2\/posts\/40807","targetHints":{"allow":["GET"]}}],"collection":[{"href":"https:\/\/noticiasdestaque.com.br\/index.php\/wp-json\/wp\/v2\/posts"}],"about":[{"href":"https:\/\/noticiasdestaque.com.br\/index.php\/wp-json\/wp\/v2\/types\/post"}],"author":[{"embeddable":true,"href":"https:\/\/noticiasdestaque.com.br\/index.php\/wp-json\/wp\/v2\/users\/1"}],"replies":[{"embeddable":true,"href":"https:\/\/noticiasdestaque.com.br\/index.php\/wp-json\/wp\/v2\/comments?post=40807"}],"version-history":[{"count":0,"href":"https:\/\/noticiasdestaque.com.br\/index.php\/wp-json\/wp\/v2\/posts\/40807\/revisions"}],"wp:featuredmedia":[{"embeddable":true,"href":"https:\/\/noticiasdestaque.com.br\/index.php\/wp-json\/wp\/v2\/media\/40808"}],"wp:attachment":[{"href":"https:\/\/noticiasdestaque.com.br\/index.php\/wp-json\/wp\/v2\/media?parent=40807"}],"wp:term":[{"taxonomy":"category","embeddable":true,"href":"https:\/\/noticiasdestaque.com.br\/index.php\/wp-json\/wp\/v2\/categories?post=40807"},{"taxonomy":"post_tag","embeddable":true,"href":"https:\/\/noticiasdestaque.com.br\/index.php\/wp-json\/wp\/v2\/tags?post=40807"}],"curies":[{"name":"wp","href":"https:\/\/api.w.org\/{rel}","templated":true}]}}