{"id":40803,"date":"2024-12-27T03:33:00","date_gmt":"2024-12-27T06:33:00","guid":{"rendered":"https:\/\/noticiasdestaque.com.br\/index.php\/2024\/12\/27\/dolar-fecha-ultima-sessao-cotado-a-r-617\/"},"modified":"2024-12-27T03:33:00","modified_gmt":"2024-12-27T06:33:00","slug":"dolar-fecha-ultima-sessao-cotado-a-r-617","status":"publish","type":"post","link":"https:\/\/noticiasdestaque.com.br\/index.php\/2024\/12\/27\/dolar-fecha-ultima-sessao-cotado-a-r-617\/","title":{"rendered":"D\u00f3lar fecha \u00faltima sess\u00e3o cotado a R$ 6,17"},"content":{"rendered":"<p>\t\t\t\t\t\t\t\t\t\t<audio controls class=\"b61_audio_player\" data-noticia=\"79263\" src=\"https:\/\/brasil61.com\/rails\/active_storage\/blobs\/eyJfcmFpbHMiOnsibWVzc2FnZSI6IkJBaHBBMkVmQXc9PSIsImV4cCI6bnVsbCwicHVyIjoiYmxvYl9pZCJ9fQ==--330399d3257f6101544c7631bbf31964432dffa4\/BRAS2413224A\"><\/audio><\/p>\n<p>O d\u00f3lar fechou a \u00faltima sess\u00e3o cotado a\u00a0R$ 6,17. O resultado veio em uma sess\u00e3o marcada por outra interven\u00e7\u00e3o do Banco Central no c\u00e2mbio.\u00a0<\/p>\n<p>A autarquia injetou US$ 3 bilh\u00f5es no mercado \u00e0 vista. Desde o dia 12 de dezembro, o total leiloado j\u00e1 soma mais de US$ 30 bilh\u00f5es.\u00a0<\/p>\n<p>Al\u00e9m disso, analistas do mercado financeiro consideram que a baixa liquidez &#8211; normalmente notada no fim de ano &#8211; tamb\u00e9m influenciou a moeda americana.\u00a0<\/p>\n<p>As incertezas em torno do cen\u00e1rio fiscal no Brasil tamb\u00e9m contribuem para o resultado.\u00a0<\/p>\n<p>Os dados s\u00e3o da Companhia Morningstar.\u00a0<br \/>\n\u00a0<\/p>\n<p>\t\t\t\t\t\t\t\t\t<img loading=\"lazy\" decoding=\"async\" src=\"https:\/\/brasil61.com\/api\/v1\/serve_pixel\/17677\/79263\" alt=\"Pixel Brasil 61\" class=\"b61_pixel\" width=\"0\" height=\"0\"><\/p>\n<input type=\"hidden\" id=\"baseurl\" value=\"https:\/\/noticiasdestaque.com.br\"><input type=\"hidden\" id=\"audio_nonce\" value=\"5128c810d9\">","protected":false},"excerpt":{"rendered":"<p>Resultado veio em uma sess\u00e3o marcada por outra interven\u00e7\u00e3o do Banco Central no c\u00e2mbio<\/p>\n","protected":false},"author":1,"featured_media":40804,"comment_status":"open","ping_status":"open","sticky":false,"template":"","format":"standard","meta":{"fifu_image_url":"","fifu_image_alt":"","footnotes":""},"categories":[59],"tags":[],"class_list":["post-40803","post","type-post","status-publish","format-standard","has-post-thumbnail","hentry","category-economia"],"distributor_meta":false,"distributor_terms":false,"distributor_media":false,"distributor_original_site_name":"Noticias em Destaque","distributor_original_site_url":"https:\/\/noticiasdestaque.com.br","push-errors":false,"_links":{"self":[{"href":"https:\/\/noticiasdestaque.com.br\/index.php\/wp-json\/wp\/v2\/posts\/40803","targetHints":{"allow":["GET"]}}],"collection":[{"href":"https:\/\/noticiasdestaque.com.br\/index.php\/wp-json\/wp\/v2\/posts"}],"about":[{"href":"https:\/\/noticiasdestaque.com.br\/index.php\/wp-json\/wp\/v2\/types\/post"}],"author":[{"embeddable":true,"href":"https:\/\/noticiasdestaque.com.br\/index.php\/wp-json\/wp\/v2\/users\/1"}],"replies":[{"embeddable":true,"href":"https:\/\/noticiasdestaque.com.br\/index.php\/wp-json\/wp\/v2\/comments?post=40803"}],"version-history":[{"count":0,"href":"https:\/\/noticiasdestaque.com.br\/index.php\/wp-json\/wp\/v2\/posts\/40803\/revisions"}],"wp:featuredmedia":[{"embeddable":true,"href":"https:\/\/noticiasdestaque.com.br\/index.php\/wp-json\/wp\/v2\/media\/40804"}],"wp:attachment":[{"href":"https:\/\/noticiasdestaque.com.br\/index.php\/wp-json\/wp\/v2\/media?parent=40803"}],"wp:term":[{"taxonomy":"category","embeddable":true,"href":"https:\/\/noticiasdestaque.com.br\/index.php\/wp-json\/wp\/v2\/categories?post=40803"},{"taxonomy":"post_tag","embeddable":true,"href":"https:\/\/noticiasdestaque.com.br\/index.php\/wp-json\/wp\/v2\/tags?post=40803"}],"curies":[{"name":"wp","href":"https:\/\/api.w.org\/{rel}","templated":true}]}}